{"id":1007,"date":"2024-06-04T09:57:02","date_gmt":"2024-06-04T05:57:02","guid":{"rendered":"https:\/\/minifootball.az\/mini\/?p=1007"},"modified":"2024-06-04T09:59:22","modified_gmt":"2024-06-04T05:59:22","slug":"millimiz-fransa-ile-qarsilasir","status":"publish","type":"post","link":"https:\/\/minifootball.az\/mini\/?p=1007","title":{"rendered":"M\u0130LL\u0130M\u0130Z FRANSA \u0130L\u018f QAR\u015eILA\u015eIR"},"content":{"rendered":"\n<p>Bosniya v\u0259 Hersoqovinada t\u0259\u015fkil olunan minifutbol \u00fczr\u0259 Avropa \u00e7empionat\u0131nda bu g\u00fcn qrup m\u0259rh\u0259l\u0259sin\u0259 yekun vurulacaq. F qrupunda m\u00fcbariz\u0259 aparan milli komandam\u0131z qrup m\u0259rh\u0259l\u0259sinin son oyununda Fransa il\u0259 g\u00f6r\u00fc\u015f\u0259c\u0259k. Oyun saat 19:00-da ba\u015flayacaq v\u0259 \u0130dman TV il\u0259 canl\u0131 yay\u0131mlanacaq. <\/p>\n","protected":false},"excerpt":{"rendered":"<p>Bosniya v\u0259 Hersoqovinada t\u0259\u015fkil olunan minifutbol \u00fczr\u0259 Avropa \u00e7empionat\u0131nda bu g\u00fcn qrup m\u0259rh\u0259l\u0259sin\u0259 yekun vurulacaq. F qrupunda m\u00fcbariz\u0259 aparan milli komandam\u0131z qrup m\u0259rh\u0259l\u0259sinin son oyununda Fransa il\u0259 g\u00f6r\u00fc\u015f\u0259c\u0259k. Oyun saat 19:00-da ba\u015flayacaq v\u0259 \u0130dman TV il\u0259 canl\u0131 yay\u0131mlanacaq.<\/p>\n","protected":false},"author":2,"featured_media":1012,"comment_status":"closed","ping_status":"closed","sticky":false,"template":"","format":"standard","meta":{"_siteseo_robots_primary_cat":"none","footnotes":""},"categories":[3],"tags":[],"class_list":["post-1007","post","type-post","status-publish","format-standard","has-post-thumbnail","hentry","category-xeberler"],"_links":{"self":[{"href":"https:\/\/minifootball.az\/mini\/index.php?rest_route=\/wp\/v2\/posts\/1007","targetHints":{"allow":["GET"]}}],"collection":[{"href":"https:\/\/minifootball.az\/mini\/index.php?rest_route=\/wp\/v2\/posts"}],"about":[{"href":"https:\/\/minifootball.az\/mini\/index.php?rest_route=\/wp\/v2\/types\/post"}],"author":[{"embeddable":true,"href":"https:\/\/minifootball.az\/mini\/index.php?rest_route=\/wp\/v2\/users\/2"}],"replies":[{"embeddable":true,"href":"https:\/\/minifootball.az\/mini\/index.php?rest_route=%2Fwp%2Fv2%2Fcomments&post=1007"}],"version-history":[{"count":1,"href":"https:\/\/minifootball.az\/mini\/index.php?rest_route=\/wp\/v2\/posts\/1007\/revisions"}],"predecessor-version":[{"id":1011,"href":"https:\/\/minifootball.az\/mini\/index.php?rest_route=\/wp\/v2\/posts\/1007\/revisions\/1011"}],"wp:featuredmedia":[{"embeddable":true,"href":"https:\/\/minifootball.az\/mini\/index.php?rest_route=\/wp\/v2\/media\/1012"}],"wp:attachment":[{"href":"https:\/\/minifootball.az\/mini\/index.php?rest_route=%2Fwp%2Fv2%2Fmedia&parent=1007"}],"wp:term":[{"taxonomy":"category","embeddable":true,"href":"https:\/\/minifootball.az\/mini\/index.php?rest_route=%2Fwp%2Fv2%2Fcategories&post=1007"},{"taxonomy":"post_tag","embeddable":true,"href":"https:\/\/minifootball.az\/mini\/index.php?rest_route=%2Fwp%2Fv2%2Ftags&post=1007"}],"curies":[{"name":"wp","href":"https:\/\/api.w.org\/{rel}","templated":true}]}}