{"id":1019,"date":"2024-06-04T20:07:27","date_gmt":"2024-06-04T16:07:27","guid":{"rendered":"https:\/\/minifootball.az\/mini\/?p=1019"},"modified":"2024-06-04T20:10:41","modified_gmt":"2024-06-04T16:10:41","slug":"millimiz-fransaya-qalib-geldi","status":"publish","type":"post","link":"https:\/\/minifootball.az\/mini\/?p=1019","title":{"rendered":"M\u0130LL\u0130M\u0130Z FRANSAYA QAL\u0130B G\u018fLD\u0130"},"content":{"rendered":"\n<p><\/p>\n\n\n\n<p>Bosniyada t\u0259\u015fkil olunan minifutbol \u00fczr\u0259 Avropa \u00e7empionat\u0131nda bu g\u00fcn qrup m\u0259rh\u0259l\u0259sin\u0259 yekun vurulur. Milli komandam\u0131z F qrupunda sonuncu g\u00f6r\u00fc\u015fd\u0259 Fransa millisi il\u0259 qar\u015f\u0131la\u015f\u0131b.&nbsp; El\u015fad Quliyevin komandas\u0131 3:1 hesab\u0131 il\u0259 qalib g\u0259lib. Bu n\u0259tic\u0259nin ard\u0131ndan yer ald\u0131\u011f\u0131 F qrupunda maksimum n\u0259tic\u0259 g\u00f6st\u0259r\u0259n millimiz turnir c\u0259dv\u0259lini 9 xalla birinci s\u0131rada tamamlay\u0131b. Y\u0131\u011fmam\u0131z pley-off m\u0259rh\u0259l\u0259sind\u0259 E qrupunun ikincisi olacaq Bolqar\u0131stan v\u0259 ya Serbiya y\u0131\u011fmalar\u0131ndan biri il\u0259 qar\u015f\u0131la\u015facaq. Qeyd ed\u0259k ki, bundan \u0259vv\u0259lki iki turda Az\u0259rbaycan y\u0131\u011fmas\u0131 Bel\u00e7ikan\u0131 3:0, \u0130taliyan\u0131 is\u0259 2:1 hesab\u0131 il\u0259 m\u0259\u011flub edib.<\/p>\n","protected":false},"excerpt":{"rendered":"<p>Bosniyada t\u0259\u015fkil olunan minifutbol \u00fczr\u0259 Avropa \u00e7empionat\u0131nda bu g\u00fcn qrup m\u0259rh\u0259l\u0259sin\u0259 yekun vurulur. Milli komandam\u0131z F qrupunda sonuncu g\u00f6r\u00fc\u015fd\u0259 Fransa millisi il\u0259 qar\u015f\u0131la\u015f\u0131b.&nbsp; El\u015fad Quliyevin komandas\u0131 3:1 hesab\u0131 il\u0259 qalib g\u0259lib. Bu n\u0259tic\u0259nin ard\u0131ndan yer ald\u0131\u011f\u0131 F qrupunda maksimum n\u0259tic\u0259 g\u00f6st\u0259r\u0259n millimiz turnir c\u0259dv\u0259lini 9 xalla birinci s\u0131rada tamamlay\u0131b. Y\u0131\u011fmam\u0131z pley-off m\u0259rh\u0259l\u0259sind\u0259 E qrupunun ikincisi olacaq Bolqar\u0131stan v\u0259 ya Serbiya y\u0131\u011fmalar\u0131ndan biri il\u0259 qar\u015f\u0131la\u015facaq. Qeyd ed\u0259k ki, bundan \u0259vv\u0259lki iki turda Az\u0259rbaycan y\u0131\u011fmas\u0131 Bel\u00e7ikan\u0131 3:0, \u0130taliyan\u0131 is\u0259 2:1 hesab\u0131 il\u0259 m\u0259\u011flub edib.<\/p>\n","protected":false},"author":2,"featured_media":1022,"comment_status":"closed","ping_status":"closed","sticky":false,"template":"","format":"standard","meta":{"_siteseo_robots_primary_cat":"none","footnotes":""},"categories":[3],"tags":[],"class_list":["post-1019","post","type-post","status-publish","format-standard","has-post-thumbnail","hentry","category-xeberler"],"_links":{"self":[{"href":"https:\/\/minifootball.az\/mini\/index.php?rest_route=\/wp\/v2\/posts\/1019","targetHints":{"allow":["GET"]}}],"collection":[{"href":"https:\/\/minifootball.az\/mini\/index.php?rest_route=\/wp\/v2\/posts"}],"about":[{"href":"https:\/\/minifootball.az\/mini\/index.php?rest_route=\/wp\/v2\/types\/post"}],"author":[{"embeddable":true,"href":"https:\/\/minifootball.az\/mini\/index.php?rest_route=\/wp\/v2\/users\/2"}],"replies":[{"embeddable":true,"href":"https:\/\/minifootball.az\/mini\/index.php?rest_route=%2Fwp%2Fv2%2Fcomments&post=1019"}],"version-history":[{"count":1,"href":"https:\/\/minifootball.az\/mini\/index.php?rest_route=\/wp\/v2\/posts\/1019\/revisions"}],"predecessor-version":[{"id":1023,"href":"https:\/\/minifootball.az\/mini\/index.php?rest_route=\/wp\/v2\/posts\/1019\/revisions\/1023"}],"wp:featuredmedia":[{"embeddable":true,"href":"https:\/\/minifootball.az\/mini\/index.php?rest_route=\/wp\/v2\/media\/1022"}],"wp:attachment":[{"href":"https:\/\/minifootball.az\/mini\/index.php?rest_route=%2Fwp%2Fv2%2Fmedia&parent=1019"}],"wp:term":[{"taxonomy":"category","embeddable":true,"href":"https:\/\/minifootball.az\/mini\/index.php?rest_route=%2Fwp%2Fv2%2Fcategories&post=1019"},{"taxonomy":"post_tag","embeddable":true,"href":"https:\/\/minifootball.az\/mini\/index.php?rest_route=%2Fwp%2Fv2%2Ftags&post=1019"}],"curies":[{"name":"wp","href":"https:\/\/api.w.org\/{rel}","templated":true}]}}