{"id":1083,"date":"2024-06-06T20:17:34","date_gmt":"2024-06-06T16:17:34","guid":{"rendered":"https:\/\/minifootball.az\/mini\/?p=1083"},"modified":"2024-06-06T20:21:11","modified_gmt":"2024-06-06T16:21:11","slug":"millimiz-avropa-cempionatinda-mubarizeni-dayandirdi","status":"publish","type":"post","link":"https:\/\/minifootball.az\/mini\/?p=1083","title":{"rendered":"M\u0130LL\u0130M\u0130Z AVROPA \u00c7EMP\u0130ONATINDA M\u00dcBAR\u0130Z\u018fN\u0130 DAYANDIRDI"},"content":{"rendered":"\n<p>Minifutbol \u00fczr\u0259 milli komandam\u0131z Bosniya v\u0259 Herseqovinan\u0131n paytaxt\u0131 Sarayevoda ke\u00e7iril\u0259n Avropa \u00e7empionat\u0131nda m\u00fcbariz\u0259ni dayand\u0131r\u0131b. 1\/4 finalda Qazax\u0131stanla qar\u015f\u0131la\u015fan millimiz m\u0259\u011flub olaraq turnirl\u0259 vidala\u015f\u0131b. G\u00f6r\u00fc\u015f\u00fcn \u0259sas vaxt\u0131nda hesab a\u00e7\u0131lmad\u0131\u011f\u0131ndan qalibi m\u00fc\u0259yy\u0259n etm\u0259k \u00fc\u00e7\u00fcn penalti z\u0259rb\u0259l\u0259rin\u0259 ehtiyac duyulub. Burada daha g\u00fccl\u00fc olan Qazax\u0131stan (7:6) millisi yar\u0131mfinala \u00e7\u0131x\u0131b. Qeyd ed\u0259k ki, y\u0131\u011fma qrup m\u0259rh\u0259l\u0259sind\u0259 ke\u00e7irdiyi b\u00fct\u00fcn mat\u00e7larda q\u0259l\u0259b\u0259 qazan\u0131b. Komanda Bel\u00e7ikan\u0131 3:0, \u0130taliyan\u0131 2:1, Fransan\u0131 3:1 hesab\u0131 il\u0259 m\u0259\u011flub edib. 1\/8 finalda is\u0259 Bolqar\u0131stana qalib g\u0259lib &#8211; 3:1.<\/p>\n","protected":false},"excerpt":{"rendered":"<p>Minifutbol \u00fczr\u0259 milli komandam\u0131z Bosniya v\u0259 Herseqovinan\u0131n paytaxt\u0131 Sarayevoda ke\u00e7iril\u0259n Avropa \u00e7empionat\u0131nda m\u00fcbariz\u0259ni dayand\u0131r\u0131b. 1\/4 finalda Qazax\u0131stanla qar\u015f\u0131la\u015fan millimiz m\u0259\u011flub olaraq turnirl\u0259 vidala\u015f\u0131b. G\u00f6r\u00fc\u015f\u00fcn \u0259sas vaxt\u0131nda hesab a\u00e7\u0131lmad\u0131\u011f\u0131ndan qalibi m\u00fc\u0259yy\u0259n etm\u0259k \u00fc\u00e7\u00fcn penalti z\u0259rb\u0259l\u0259rin\u0259 ehtiyac duyulub. Burada daha g\u00fccl\u00fc olan Qazax\u0131stan (7:6) millisi yar\u0131mfinala \u00e7\u0131x\u0131b. Qeyd ed\u0259k ki, y\u0131\u011fma qrup m\u0259rh\u0259l\u0259sind\u0259 ke\u00e7irdiyi b\u00fct\u00fcn mat\u00e7larda q\u0259l\u0259b\u0259 qazan\u0131b. Komanda Bel\u00e7ikan\u0131 3:0, \u0130taliyan\u0131 2:1, Fransan\u0131 3:1 hesab\u0131 il\u0259 m\u0259\u011flub edib. 1\/8 finalda is\u0259 Bolqar\u0131stana qalib g\u0259lib &#8211; 3:1.<\/p>\n","protected":false},"author":2,"featured_media":1087,"comment_status":"closed","ping_status":"closed","sticky":false,"template":"","format":"standard","meta":{"_siteseo_robots_primary_cat":"none","footnotes":""},"categories":[3],"tags":[],"class_list":["post-1083","post","type-post","status-publish","format-standard","has-post-thumbnail","hentry","category-xeberler"],"_links":{"self":[{"href":"https:\/\/minifootball.az\/mini\/index.php?rest_route=\/wp\/v2\/posts\/1083","targetHints":{"allow":["GET"]}}],"collection":[{"href":"https:\/\/minifootball.az\/mini\/index.php?rest_route=\/wp\/v2\/posts"}],"about":[{"href":"https:\/\/minifootball.az\/mini\/index.php?rest_route=\/wp\/v2\/types\/post"}],"author":[{"embeddable":true,"href":"https:\/\/minifootball.az\/mini\/index.php?rest_route=\/wp\/v2\/users\/2"}],"replies":[{"embeddable":true,"href":"https:\/\/minifootball.az\/mini\/index.php?rest_route=%2Fwp%2Fv2%2Fcomments&post=1083"}],"version-history":[{"count":1,"href":"https:\/\/minifootball.az\/mini\/index.php?rest_route=\/wp\/v2\/posts\/1083\/revisions"}],"predecessor-version":[{"id":1086,"href":"https:\/\/minifootball.az\/mini\/index.php?rest_route=\/wp\/v2\/posts\/1083\/revisions\/1086"}],"wp:featuredmedia":[{"embeddable":true,"href":"https:\/\/minifootball.az\/mini\/index.php?rest_route=\/wp\/v2\/media\/1087"}],"wp:attachment":[{"href":"https:\/\/minifootball.az\/mini\/index.php?rest_route=%2Fwp%2Fv2%2Fmedia&parent=1083"}],"wp:term":[{"taxonomy":"category","embeddable":true,"href":"https:\/\/minifootball.az\/mini\/index.php?rest_route=%2Fwp%2Fv2%2Fcategories&post=1083"},{"taxonomy":"post_tag","embeddable":true,"href":"https:\/\/minifootball.az\/mini\/index.php?rest_route=%2Fwp%2Fv2%2Ftags&post=1083"}],"curies":[{"name":"wp","href":"https:\/\/api.w.org\/{rel}","templated":true}]}}