{"id":1106,"date":"2024-06-09T17:38:34","date_gmt":"2024-06-09T13:38:34","guid":{"rendered":"https:\/\/minifootball.az\/mini\/?p=1106"},"modified":"2024-06-09T17:38:36","modified_gmt":"2024-06-09T13:38:36","slug":"serbiya-millisi-avropa-cempionu-oldu","status":"publish","type":"post","link":"https:\/\/minifootball.az\/mini\/?p=1106","title":{"rendered":"SERB\u0130YA M\u0130LL\u0130S\u0130 AVROPA \u00c7EMP\u0130ONU OLDU"},"content":{"rendered":"\n<p>Bosniya v\u0259 Hersoqovinada ke\u00e7iril\u0259n minifutbol \u00fczr\u0259 Avropa \u00e7empionat\u0131na yekun vurulub. Turnirin final mat\u00e7\u0131nda Rum\u0131niya v\u0259 Serbiya komandalar\u0131 \u00fcz-\u00fcz\u0259 g\u0259lib. \u018fsas vaxt 1-1 hesab\u0131 il\u0259 ba\u015fa \u00e7at\u0131b. Penaltil\u0259r seriyas\u0131nda daha d\u0259qiq oynayan Serbiya komandas\u0131 Avropa \u00e7empionat\u0131n\u0131n qalibi olub. 3-c\u00fc yeri Fransan\u0131 7-2 hesab\u0131 il\u0259 m\u0259\u011flub ed\u0259n Qazax\u0131stan millisi tutub. Xat\u0131rladaq ki, turnird\u0259 i\u015ftirak ed\u0259n milli komandam\u0131z F qrupunu maksimal n\u0259tic\u0259 il\u0259 tamamlam\u0131\u015fd\u0131. 1\/8 finalda Bolqar\u0131stan se\u00e7m\u0259sini m\u0259\u011flub ed\u0259n y\u0131\u011fmam\u0131z 1\/4 finalda penaltil\u0259r seriyas\u0131nda Qazax\u0131stana uduzmu\u015fdu. <\/p>\n","protected":false},"excerpt":{"rendered":"<p>Bosniya v\u0259 Hersoqovinada ke\u00e7iril\u0259n minifutbol \u00fczr\u0259 Avropa \u00e7empionat\u0131na yekun vurulub. Turnirin final mat\u00e7\u0131nda Rum\u0131niya v\u0259 Serbiya komandalar\u0131 \u00fcz-\u00fcz\u0259 g\u0259lib. \u018fsas vaxt 1-1 hesab\u0131 il\u0259 ba\u015fa \u00e7at\u0131b. Penaltil\u0259r seriyas\u0131nda daha d\u0259qiq oynayan Serbiya komandas\u0131 Avropa \u00e7empionat\u0131n\u0131n qalibi olub. 3-c\u00fc yeri Fransan\u0131 7-2 hesab\u0131 il\u0259 m\u0259\u011flub ed\u0259n Qazax\u0131stan millisi tutub. Xat\u0131rladaq ki, turnird\u0259 i\u015ftirak ed\u0259n milli komandam\u0131z F qrupunu maksimal n\u0259tic\u0259 il\u0259 tamamlam\u0131\u015fd\u0131. 1\/8 finalda Bolqar\u0131stan se\u00e7m\u0259sini m\u0259\u011flub ed\u0259n y\u0131\u011fmam\u0131z 1\/4 finalda penaltil\u0259r seriyas\u0131nda Qazax\u0131stana uduzmu\u015fdu.<\/p>\n","protected":false},"author":2,"featured_media":1109,"comment_status":"closed","ping_status":"closed","sticky":false,"template":"","format":"standard","meta":{"_siteseo_robots_primary_cat":"none","footnotes":""},"categories":[3],"tags":[],"class_list":["post-1106","post","type-post","status-publish","format-standard","has-post-thumbnail","hentry","category-xeberler"],"_links":{"self":[{"href":"https:\/\/minifootball.az\/mini\/index.php?rest_route=\/wp\/v2\/posts\/1106","targetHints":{"allow":["GET"]}}],"collection":[{"href":"https:\/\/minifootball.az\/mini\/index.php?rest_route=\/wp\/v2\/posts"}],"about":[{"href":"https:\/\/minifootball.az\/mini\/index.php?rest_route=\/wp\/v2\/types\/post"}],"author":[{"embeddable":true,"href":"https:\/\/minifootball.az\/mini\/index.php?rest_route=\/wp\/v2\/users\/2"}],"replies":[{"embeddable":true,"href":"https:\/\/minifootball.az\/mini\/index.php?rest_route=%2Fwp%2Fv2%2Fcomments&post=1106"}],"version-history":[{"count":1,"href":"https:\/\/minifootball.az\/mini\/index.php?rest_route=\/wp\/v2\/posts\/1106\/revisions"}],"predecessor-version":[{"id":1110,"href":"https:\/\/minifootball.az\/mini\/index.php?rest_route=\/wp\/v2\/posts\/1106\/revisions\/1110"}],"wp:featuredmedia":[{"embeddable":true,"href":"https:\/\/minifootball.az\/mini\/index.php?rest_route=\/wp\/v2\/media\/1109"}],"wp:attachment":[{"href":"https:\/\/minifootball.az\/mini\/index.php?rest_route=%2Fwp%2Fv2%2Fmedia&parent=1106"}],"wp:term":[{"taxonomy":"category","embeddable":true,"href":"https:\/\/minifootball.az\/mini\/index.php?rest_route=%2Fwp%2Fv2%2Fcategories&post=1106"},{"taxonomy":"post_tag","embeddable":true,"href":"https:\/\/minifootball.az\/mini\/index.php?rest_route=%2Fwp%2Fv2%2Ftags&post=1106"}],"curies":[{"name":"wp","href":"https:\/\/api.w.org\/{rel}","templated":true}]}}