{"id":1185,"date":"2024-09-06T13:46:31","date_gmt":"2024-09-06T09:46:31","guid":{"rendered":"https:\/\/minifootball.az\/mini\/?p=1185"},"modified":"2024-09-06T13:46:32","modified_gmt":"2024-09-06T09:46:32","slug":"aznur-ikinci-oyunda-hec-hece-etdi","status":"publish","type":"post","link":"https:\/\/minifootball.az\/mini\/?p=1185","title":{"rendered":"&#8220;AZNUR&#8221; \u0130K\u0130NC\u0130 OYUNDA HE\u00c7-HE\u00c7\u018f ETD\u0130"},"content":{"rendered":"\n<p>Pol\u015fan\u0131n Var\u015fava \u015f\u0259h\u0259rind\u0259 \u00c7empionlar Liqas\u0131 ke\u00e7irilir. Az\u0259rbaycan\u0131 yar\u0131\u015fda \u201cBirba\u015fa Bak\u0131\u201d v\u0259 \u201cAznur\u201d klublar\u0131 t\u0259msil edir. Bu g\u00fcn komandalar\u0131m\u0131z qruplar\u0131nda n\u00f6vb\u0259ti oyunlar\u0131n\u0131 ke\u00e7irir. \u0130lk g\u00f6r\u00fc\u015fd\u0259 &#8220;Aznur&#8221; komandas\u0131 Pol\u015fa t\u0259msil\u00e7isi &#8220;Qalport&#8221;la he\u00e7-he\u00e7\u0259 oynay\u0131b 2:2.<\/p>\n\n\n\n<p><strong>C qrupu<\/strong><strong><br>\u201cQalport\u201d (Pol\u015fa) \u2013 \u201cAznur\u201d (Az\u0259rbaycan) &#8211; 2:2<\/strong><\/p>\n\n\n\n<p><strong>19:00&nbsp;<\/strong>\u201cAznur\u201d (Az\u0259rbaycan) \u2013 \u201cAndezit Xust\u201d (Ukrayna)<\/p>\n\n\n\n<p>Qeyd ed\u0259k ki, \u201cAznur\u201d a\u00e7\u0131l\u0131\u015f raundunda Fransan\u0131n \u201cBayonne\u201d komandas\u0131na qalib g\u0259lib (2:1).<\/p>\n","protected":false},"excerpt":{"rendered":"<p>Pol\u015fan\u0131n Var\u015fava \u015f\u0259h\u0259rind\u0259 \u00c7empionlar Liqas\u0131 ke\u00e7irilir. Az\u0259rbaycan\u0131 yar\u0131\u015fda \u201cBirba\u015fa Bak\u0131\u201d v\u0259 \u201cAznur\u201d klublar\u0131 t\u0259msil edir. Bu g\u00fcn komandalar\u0131m\u0131z qruplar\u0131nda n\u00f6vb\u0259ti oyunlar\u0131n\u0131 ke\u00e7irir. \u0130lk g\u00f6r\u00fc\u015fd\u0259 &#8220;Aznur&#8221; komandas\u0131 Pol\u015fa t\u0259msil\u00e7isi &#8220;Qalport&#8221;la he\u00e7-he\u00e7\u0259 oynay\u0131b 2:2. C qrupu\u201cQalport\u201d (Pol\u015fa) \u2013 \u201cAznur\u201d (Az\u0259rbaycan) &#8211; 2:2 19:00&nbsp;\u201cAznur\u201d (Az\u0259rbaycan) \u2013 \u201cAndezit Xust\u201d (Ukrayna) Qeyd ed\u0259k ki, \u201cAznur\u201d a\u00e7\u0131l\u0131\u015f raundunda Fransan\u0131n \u201cBayonne\u201d komandas\u0131na qalib g\u0259lib (2:1).<\/p>\n","protected":false},"author":2,"featured_media":1188,"comment_status":"closed","ping_status":"closed","sticky":false,"template":"","format":"standard","meta":{"_siteseo_robots_primary_cat":"none","footnotes":""},"categories":[3],"tags":[],"class_list":["post-1185","post","type-post","status-publish","format-standard","has-post-thumbnail","hentry","category-xeberler"],"_links":{"self":[{"href":"https:\/\/minifootball.az\/mini\/index.php?rest_route=\/wp\/v2\/posts\/1185","targetHints":{"allow":["GET"]}}],"collection":[{"href":"https:\/\/minifootball.az\/mini\/index.php?rest_route=\/wp\/v2\/posts"}],"about":[{"href":"https:\/\/minifootball.az\/mini\/index.php?rest_route=\/wp\/v2\/types\/post"}],"author":[{"embeddable":true,"href":"https:\/\/minifootball.az\/mini\/index.php?rest_route=\/wp\/v2\/users\/2"}],"replies":[{"embeddable":true,"href":"https:\/\/minifootball.az\/mini\/index.php?rest_route=%2Fwp%2Fv2%2Fcomments&post=1185"}],"version-history":[{"count":1,"href":"https:\/\/minifootball.az\/mini\/index.php?rest_route=\/wp\/v2\/posts\/1185\/revisions"}],"predecessor-version":[{"id":1189,"href":"https:\/\/minifootball.az\/mini\/index.php?rest_route=\/wp\/v2\/posts\/1185\/revisions\/1189"}],"wp:featuredmedia":[{"embeddable":true,"href":"https:\/\/minifootball.az\/mini\/index.php?rest_route=\/wp\/v2\/media\/1188"}],"wp:attachment":[{"href":"https:\/\/minifootball.az\/mini\/index.php?rest_route=%2Fwp%2Fv2%2Fmedia&parent=1185"}],"wp:term":[{"taxonomy":"category","embeddable":true,"href":"https:\/\/minifootball.az\/mini\/index.php?rest_route=%2Fwp%2Fv2%2Fcategories&post=1185"},{"taxonomy":"post_tag","embeddable":true,"href":"https:\/\/minifootball.az\/mini\/index.php?rest_route=%2Fwp%2Fv2%2Ftags&post=1185"}],"curies":[{"name":"wp","href":"https:\/\/api.w.org\/{rel}","templated":true}]}}