{"id":1190,"date":"2024-09-06T16:16:21","date_gmt":"2024-09-06T12:16:21","guid":{"rendered":"https:\/\/minifootball.az\/mini\/?p=1190"},"modified":"2024-09-06T16:16:23","modified_gmt":"2024-09-06T12:16:23","slug":"birbasa-italiya-klubunu-meglub-etdi","status":"publish","type":"post","link":"https:\/\/minifootball.az\/mini\/?p=1190","title":{"rendered":"&#8220;B\u0130RBA\u015eA&#8221; \u0130TAL\u0130YA KLUBUNU M\u018f\u011eLUB ETD\u0130"},"content":{"rendered":"\n<p>Az\u0259rbaycan\u0131n \u201cBirba\u015fa Bak\u0131\u201d komandas\u0131 Pol\u015fan\u0131n paytaxt\u0131 Var\u015favada t\u0259\u015fkil olunan minifutbol \u00fczr\u0259 \u00c7empionlar Liqas\u0131nda ke\u00e7irdiyi ikinci oyunda q\u0259l\u0259b\u0259 qazan\u0131b. T\u0259msil\u00e7imiz \u201cLivorno\u201dnu (\u0130taliya) 3:1 hesab\u0131 il\u0259 m\u0259\u011flub edib.\u201cBirba\u015fa Bak\u0131\u201d ilk g\u00f6r\u00fc\u015fd\u0259 \u0130spaniyan\u0131n \u201cMalaqa\u201d kollektivi il\u0259 he\u00e7-he\u00e7\u0259 edib \u2013 2:2. Komanda n\u00f6vb\u0259ti g\u00f6r\u00fc\u015f\u00fcn\u00fc bu g\u00fcn, saat 21:00-da \u201cBKMK Brno\u201dya (\u00c7exiya) qar\u015f\u0131 ke\u00e7ir\u0259c\u0259k.<\/p>\n","protected":false},"excerpt":{"rendered":"<p>Az\u0259rbaycan\u0131n \u201cBirba\u015fa Bak\u0131\u201d komandas\u0131 Pol\u015fan\u0131n paytaxt\u0131 Var\u015favada t\u0259\u015fkil olunan minifutbol \u00fczr\u0259 \u00c7empionlar Liqas\u0131nda ke\u00e7irdiyi ikinci oyunda q\u0259l\u0259b\u0259 qazan\u0131b. T\u0259msil\u00e7imiz \u201cLivorno\u201dnu (\u0130taliya) 3:1 hesab\u0131 il\u0259 m\u0259\u011flub edib.\u201cBirba\u015fa Bak\u0131\u201d ilk g\u00f6r\u00fc\u015fd\u0259 \u0130spaniyan\u0131n \u201cMalaqa\u201d kollektivi il\u0259 he\u00e7-he\u00e7\u0259 edib \u2013 2:2. Komanda n\u00f6vb\u0259ti g\u00f6r\u00fc\u015f\u00fcn\u00fc bu g\u00fcn, saat 21:00-da \u201cBKMK Brno\u201dya (\u00c7exiya) qar\u015f\u0131 ke\u00e7ir\u0259c\u0259k.<\/p>\n","protected":false},"author":2,"featured_media":1134,"comment_status":"closed","ping_status":"closed","sticky":false,"template":"","format":"standard","meta":{"_siteseo_robots_primary_cat":"none","footnotes":""},"categories":[1,3],"tags":[],"class_list":["post-1190","post","type-post","status-publish","format-standard","has-post-thumbnail","hentry","category-bas-sehife","category-xeberler"],"_links":{"self":[{"href":"https:\/\/minifootball.az\/mini\/index.php?rest_route=\/wp\/v2\/posts\/1190","targetHints":{"allow":["GET"]}}],"collection":[{"href":"https:\/\/minifootball.az\/mini\/index.php?rest_route=\/wp\/v2\/posts"}],"about":[{"href":"https:\/\/minifootball.az\/mini\/index.php?rest_route=\/wp\/v2\/types\/post"}],"author":[{"embeddable":true,"href":"https:\/\/minifootball.az\/mini\/index.php?rest_route=\/wp\/v2\/users\/2"}],"replies":[{"embeddable":true,"href":"https:\/\/minifootball.az\/mini\/index.php?rest_route=%2Fwp%2Fv2%2Fcomments&post=1190"}],"version-history":[{"count":1,"href":"https:\/\/minifootball.az\/mini\/index.php?rest_route=\/wp\/v2\/posts\/1190\/revisions"}],"predecessor-version":[{"id":1193,"href":"https:\/\/minifootball.az\/mini\/index.php?rest_route=\/wp\/v2\/posts\/1190\/revisions\/1193"}],"wp:featuredmedia":[{"embeddable":true,"href":"https:\/\/minifootball.az\/mini\/index.php?rest_route=\/wp\/v2\/media\/1134"}],"wp:attachment":[{"href":"https:\/\/minifootball.az\/mini\/index.php?rest_route=%2Fwp%2Fv2%2Fmedia&parent=1190"}],"wp:term":[{"taxonomy":"category","embeddable":true,"href":"https:\/\/minifootball.az\/mini\/index.php?rest_route=%2Fwp%2Fv2%2Fcategories&post=1190"},{"taxonomy":"post_tag","embeddable":true,"href":"https:\/\/minifootball.az\/mini\/index.php?rest_route=%2Fwp%2Fv2%2Ftags&post=1190"}],"curies":[{"name":"wp","href":"https:\/\/api.w.org\/{rel}","templated":true}]}}