{"id":1222,"date":"2024-09-06T19:51:40","date_gmt":"2024-09-06T15:51:40","guid":{"rendered":"https:\/\/minifootball.az\/mini\/?p=1222"},"modified":"2024-09-06T19:53:31","modified_gmt":"2024-09-06T15:53:31","slug":"u-23-dunya-cempionatinin-pusku-atilib","status":"publish","type":"post","link":"https:\/\/minifootball.az\/mini\/?p=1222","title":{"rendered":"U-23 D\u00dcNYA \u00c7EMP\u0130ONATININ P\u00dc\u015eK\u00dc ATILIB"},"content":{"rendered":"\n<p>Minifutbol \u00fczr\u0259 U23 D\u00fcnya \u00c7empionat\u0131n\u0131n p\u00fc\u015fk\u00fc at\u0131l\u0131b. P\u00fc\u015fk\u00fcn n\u0259tic\u0259sin\u0259 g\u00f6r\u0259 Az\u0259rbaycan millisi B qrupunda Kolumbiya, Slovakiya v\u0259 \u0130raq komandalar\u0131 il\u0259 m\u00fcbariz\u0259 aparacaq. D\u00fcnya \u00e7empionat\u0131 oktyabr\u0131n 7-d\u0259 Xorvatiyada start g\u00f6t\u00fcr\u0259c\u0259k.<\/p>\n","protected":false},"excerpt":{"rendered":"<p>Minifutbol \u00fczr\u0259 U23 D\u00fcnya \u00c7empionat\u0131n\u0131n p\u00fc\u015fk\u00fc at\u0131l\u0131b. P\u00fc\u015fk\u00fcn n\u0259tic\u0259sin\u0259 g\u00f6r\u0259 Az\u0259rbaycan millisi B qrupunda Kolumbiya, Slovakiya v\u0259 \u0130raq komandalar\u0131 il\u0259 m\u00fcbariz\u0259 aparacaq. D\u00fcnya \u00e7empionat\u0131 oktyabr\u0131n 7-d\u0259 Xorvatiyada start g\u00f6t\u00fcr\u0259c\u0259k.<\/p>\n","protected":false},"author":2,"featured_media":1225,"comment_status":"closed","ping_status":"closed","sticky":false,"template":"","format":"standard","meta":{"_siteseo_robots_primary_cat":"none","footnotes":""},"categories":[3],"tags":[],"class_list":["post-1222","post","type-post","status-publish","format-standard","has-post-thumbnail","hentry","category-xeberler"],"_links":{"self":[{"href":"https:\/\/minifootball.az\/mini\/index.php?rest_route=\/wp\/v2\/posts\/1222","targetHints":{"allow":["GET"]}}],"collection":[{"href":"https:\/\/minifootball.az\/mini\/index.php?rest_route=\/wp\/v2\/posts"}],"about":[{"href":"https:\/\/minifootball.az\/mini\/index.php?rest_route=\/wp\/v2\/types\/post"}],"author":[{"embeddable":true,"href":"https:\/\/minifootball.az\/mini\/index.php?rest_route=\/wp\/v2\/users\/2"}],"replies":[{"embeddable":true,"href":"https:\/\/minifootball.az\/mini\/index.php?rest_route=%2Fwp%2Fv2%2Fcomments&post=1222"}],"version-history":[{"count":2,"href":"https:\/\/minifootball.az\/mini\/index.php?rest_route=\/wp\/v2\/posts\/1222\/revisions"}],"predecessor-version":[{"id":1227,"href":"https:\/\/minifootball.az\/mini\/index.php?rest_route=\/wp\/v2\/posts\/1222\/revisions\/1227"}],"wp:featuredmedia":[{"embeddable":true,"href":"https:\/\/minifootball.az\/mini\/index.php?rest_route=\/wp\/v2\/media\/1225"}],"wp:attachment":[{"href":"https:\/\/minifootball.az\/mini\/index.php?rest_route=%2Fwp%2Fv2%2Fmedia&parent=1222"}],"wp:term":[{"taxonomy":"category","embeddable":true,"href":"https:\/\/minifootball.az\/mini\/index.php?rest_route=%2Fwp%2Fv2%2Fcategories&post=1222"},{"taxonomy":"post_tag","embeddable":true,"href":"https:\/\/minifootball.az\/mini\/index.php?rest_route=%2Fwp%2Fv2%2Ftags&post=1222"}],"curies":[{"name":"wp","href":"https:\/\/api.w.org\/{rel}","templated":true}]}}