{"id":1248,"date":"2024-09-07T19:41:53","date_gmt":"2024-09-07T15:41:53","guid":{"rendered":"https:\/\/minifootball.az\/mini\/?p=1248"},"modified":"2024-09-07T19:42:35","modified_gmt":"2024-09-07T15:42:35","slug":"birbasa-baki-1-4-finaldaki-reqibi-melum-oldu","status":"publish","type":"post","link":"https:\/\/minifootball.az\/mini\/?p=1248","title":{"rendered":"&#8220;B\u0130RBA\u015eA BAKI&#8221;NIN 1\/4 F\u0130NALDAKI R\u018fQ\u0130B\u0130 M\u018fLUM OLDU"},"content":{"rendered":"\n<p>Minifutbol \u00fczr\u0259 \u00c7empionlar Liqas\u0131nda yar\u0131\u015fan &#8220;Birba\u015fa Bak\u0131&#8221;n\u0131n n\u00f6vb\u0259ti r\u0259qibi b\u0259lli olub. Az\u0259rbaycan \u00e7empionu 1\/4 finalda \u201cNova Vita Tarqu\u201d (Rum\u0131niya) il\u0259 qar\u015f\u0131la\u015facaq. Oyun bu g\u00fcn 21:30-da start g\u00f6t\u00fcr\u0259c\u0259k .Rum\u0131niya futbol\u00e7ular\u0131 1\/8 finalda \u201cVilla Mark\u201da (Bolqar\u0131stan) 3:0 hesab\u0131 il\u0259 qalib g\u0259libl\u0259r.<\/p>\n\n\n\n<p><strong>Minifutbol: \u00c7empionlar Liqas\u0131<\/strong><\/p>\n\n\n\n<p><strong>1\/8 final m\u0259rh\u0259l\u0259si<br>7 sentyabr<\/strong><br>21:30. \u201cBirba\u015fa Bak\u0131\u201d \u2013 \u201cNova Vita Tarqu\u201d (Rum\u0131niya)<\/p>\n\n\n\n<p>Qeyd ed\u0259k ki, &#8220;Birba\u015fa Bak\u0131&#8221; 1\/8 finalda turnird\u0259 \u00f6lk\u0259mizi t\u0259msil\u00e7isi &#8220;AzNur&#8221;u minimal hesabla m\u0259\u011flub edib.<\/p>\n","protected":false},"excerpt":{"rendered":"<p>Minifutbol \u00fczr\u0259 \u00c7empionlar Liqas\u0131nda yar\u0131\u015fan &#8220;Birba\u015fa Bak\u0131&#8221;n\u0131n n\u00f6vb\u0259ti r\u0259qibi b\u0259lli olub. Az\u0259rbaycan \u00e7empionu 1\/4 finalda \u201cNova Vita Tarqu\u201d (Rum\u0131niya) il\u0259 qar\u015f\u0131la\u015facaq. Oyun bu g\u00fcn 21:30-da start g\u00f6t\u00fcr\u0259c\u0259k .Rum\u0131niya futbol\u00e7ular\u0131 1\/8 finalda \u201cVilla Mark\u201da (Bolqar\u0131stan) 3:0 hesab\u0131 il\u0259 qalib g\u0259libl\u0259r. Minifutbol: \u00c7empionlar Liqas\u0131 1\/8 final m\u0259rh\u0259l\u0259si7 sentyabr21:30. \u201cBirba\u015fa Bak\u0131\u201d \u2013 \u201cNova Vita Tarqu\u201d (Rum\u0131niya) Qeyd ed\u0259k ki, &#8220;Birba\u015fa Bak\u0131&#8221; 1\/8 finalda turnird\u0259 \u00f6lk\u0259mizi t\u0259msil\u00e7isi &#8220;AzNur&#8221;u minimal hesabla m\u0259\u011flub edib.<\/p>\n","protected":false},"author":2,"featured_media":1198,"comment_status":"closed","ping_status":"closed","sticky":false,"template":"","format":"standard","meta":{"_siteseo_robots_primary_cat":"none","footnotes":""},"categories":[3],"tags":[],"class_list":["post-1248","post","type-post","status-publish","format-standard","has-post-thumbnail","hentry","category-xeberler"],"_links":{"self":[{"href":"https:\/\/minifootball.az\/mini\/index.php?rest_route=\/wp\/v2\/posts\/1248","targetHints":{"allow":["GET"]}}],"collection":[{"href":"https:\/\/minifootball.az\/mini\/index.php?rest_route=\/wp\/v2\/posts"}],"about":[{"href":"https:\/\/minifootball.az\/mini\/index.php?rest_route=\/wp\/v2\/types\/post"}],"author":[{"embeddable":true,"href":"https:\/\/minifootball.az\/mini\/index.php?rest_route=\/wp\/v2\/users\/2"}],"replies":[{"embeddable":true,"href":"https:\/\/minifootball.az\/mini\/index.php?rest_route=%2Fwp%2Fv2%2Fcomments&post=1248"}],"version-history":[{"count":2,"href":"https:\/\/minifootball.az\/mini\/index.php?rest_route=\/wp\/v2\/posts\/1248\/revisions"}],"predecessor-version":[{"id":1252,"href":"https:\/\/minifootball.az\/mini\/index.php?rest_route=\/wp\/v2\/posts\/1248\/revisions\/1252"}],"wp:featuredmedia":[{"embeddable":true,"href":"https:\/\/minifootball.az\/mini\/index.php?rest_route=\/wp\/v2\/media\/1198"}],"wp:attachment":[{"href":"https:\/\/minifootball.az\/mini\/index.php?rest_route=%2Fwp%2Fv2%2Fmedia&parent=1248"}],"wp:term":[{"taxonomy":"category","embeddable":true,"href":"https:\/\/minifootball.az\/mini\/index.php?rest_route=%2Fwp%2Fv2%2Fcategories&post=1248"},{"taxonomy":"post_tag","embeddable":true,"href":"https:\/\/minifootball.az\/mini\/index.php?rest_route=%2Fwp%2Fv2%2Ftags&post=1248"}],"curies":[{"name":"wp","href":"https:\/\/api.w.org\/{rel}","templated":true}]}}