{"id":1301,"date":"2024-09-11T16:36:38","date_gmt":"2024-09-11T12:36:38","guid":{"rendered":"https:\/\/minifootball.az\/mini\/?p=1301"},"modified":"2024-09-11T16:53:16","modified_gmt":"2024-09-11T12:53:16","slug":"nazir-ve-federasiya-prezidenti-birbasa-bakinin-kollektivi-ile-gorusdu","status":"publish","type":"post","link":"https:\/\/minifootball.az\/mini\/?p=1301","title":{"rendered":"NAZ\u0130R V\u018f FEDERAS\u0130YA PREZ\u0130DENT\u0130 &#8220;B\u0130RBA\u015eA BAKI&#8221;NIN KOLLEKT\u0130V\u0130 \u0130L\u018f G\u00d6R\u00dc\u015eD\u00dc"},"content":{"rendered":"\n<p>Bu g\u00fcn G\u0259ncl\u0259r v\u0259 \u0130dman naziri c\u0259nab F\u0259rid Qay\u0131bov v\u0259 Az\u0259rbaycan Minifutbol Federasiyas\u0131n\u0131n prezidenti Orxan M\u0259mm\u0259dov  Pol\u015fada t\u0259\u015fkil olunan minifutbol \u00fczr\u0259 Avropa \u00c7empionlar Liqas\u0131n\u0131n qalibi \u201cBirba\u015fa Bak\u0131\u201dkomandas\u0131 il\u0259 g\u00f6r\u00fc\u015f\u00fcb. G\u00f6r\u00fc\u015fd\u0259 m\u0259\u015fq\u00e7i v\u0259 futbol\u00e7ular\u0131n yar\u0131\u015fla ba\u011fl\u0131 t\u0259\u0259ss\u00fcratlar\u0131n\u0131 dinl\u0259nilib. \u00d6lk\u0259mizi turnird\u0259 layiqinc\u0259 t\u0259msil etdikl\u0259rin\u0259 v\u0259 qazan\u0131lan y\u00fcks\u0259k nailiyy\u0259t\u0259 g\u00f6r\u0259 onlar\u0131 t\u0259brik ed\u0259n nazir v\u0259 federasiya prezidenti bu q\u0259l\u0259b\u0259nin \u00f6lk\u0259mizd\u0259 minifutbolun inki\u015faf\u0131n\u0131n bariz n\u00fcmun\u0259si kimi qiym\u0259tl\u0259ndiribl\u0259r. F\u0259rid Qay\u0131bovun s\u00f6zl\u0259rin\u0259 g\u00f6r\u0259 milli komandam\u0131z\u0131n Avropa \u00e7empionu olduqdan sonra minifutbola maraq  art\u0131b. Federasiyan\u0131n g\u00f6rd\u00fcy\u00fc i\u015fl\u0259ri, milli \u00e7empionat\u0131 y\u00fcks\u0259k s\u0259viyy\u0259d\u0259 ke\u00e7irm\u0259sinin n\u0259tic\u0259sidir ki, klublar\u0131m\u0131z v\u0259 millimiz beyn\u0259lxalq arenada u\u011furlu n\u0259tic\u0259l\u0259r \u0259ld\u0259 edibl\u0259r. Az\u0259rbaycan Minifutbol Federasiyas\u0131n\u0131n prezidenti Orxan M\u0259mm\u0259dov xo\u015f s\u00f6zl\u0259r\u0259 g\u00f6r\u0259 nazir\u0259 t\u0259\u015f\u0259kk\u00fcr\u00fcn\u00fc \u00e7atd\u0131rd\u0131. B\u00fct\u00fcn idman n\u00f6vl\u0259rind\u0259 oldu\u011fu kimi minifutbola da d\u00f6vl\u0259t t\u0259r\u0259find\u0259n diqq\u0259t v\u0259 qay\u011f\u0131 g\u00f6st\u0259rildiyini qeyd ed\u0259n ed\u0259n federasiya r\u0259hb\u0259ri bu amilin u\u011furlar\u0131n qazan\u0131lmas\u0131 \u00fc\u00e7\u00fcn \u0259lav\u0259 stimulm oldu\u011funu dedi. &#8220;Birba\u015fa Bak\u0131&#8221; komandas\u0131n\u0131n t\u0259sis\u00e7isi Ramin Hac\u0131yev is\u0259 nazir v\u0259 federasiya prezidentin\u0259 xo\u015f s\u00f6zl\u0259r\u0259 v\u0259 diqq\u0259t\u0259 g\u00f6r\u0259 minn\u0259tdarl\u0131\u011f\u0131n\u0131 bildirdi. Komandan\u0131n \u00c7empionlar Liqas\u0131n\u0131n q\u0259l\u0259b\u0259 qazanmas\u0131n\u0131 Az\u0259rbaycan\u0131n bir daha idman \u00f6lk\u0259si olmas\u0131\u0131 il\u0259 \u0259laq\u0259l\u0259ndir\u0259n klub r\u0259smisi g\u0259l\u0259c\u0259kd\u0259 beyn\u0259lxalq arenalarda u\u011fur qazanmaq \u00fc\u00e7\u00fcn daha s\u0259yl\u0259 \u00e7al\u0131\u015facaqlar\u0131n\u0131 vur\u011fulad\u0131. G\u00f6r\u00fc\u015fd\u0259 h\u0259m\u00e7inin komanda \u00fczvl\u0259ri yar\u0131\u015fla ba\u011fl\u0131 t\u0259\u0259ss\u00fcratlar\u0131n\u0131 b\u00f6l\u00fc\u015f\u00fcbl\u0259r. Sonda &#8220;Birba\u015fa Bak\u0131&#8221; komandas\u0131n\u0131n formas\u0131 nazir F\u0259rid Qay\u0131bova t\u0259qdim olundu v\u0259 xatir\u0259 \u015f\u0259kli \u00e7\u0259kdirildi.  <\/p>\n\n\n\n<figure class=\"wp-block-image size-large\"><img fetchpriority=\"high\" decoding=\"async\" width=\"1024\" height=\"683\" src=\"https:\/\/minifootball.az\/mini\/wp-content\/uploads\/2024\/09\/sek-1-1024x683.jpg\" alt=\"\" class=\"wp-image-1304\" srcset=\"https:\/\/minifootball.az\/mini\/wp-content\/uploads\/2024\/09\/sek-1-1024x683.jpg 1024w, https:\/\/minifootball.az\/mini\/wp-content\/uploads\/2024\/09\/sek-1-300x200.jpg 300w, https:\/\/minifootball.az\/mini\/wp-content\/uploads\/2024\/09\/sek-1-768x512.jpg 768w, https:\/\/minifootball.az\/mini\/wp-content\/uploads\/2024\/09\/sek-1.jpg 1280w\" sizes=\"(max-width: 1024px) 100vw, 1024px\" \/><\/figure>\n\n\n\n<figure class=\"wp-block-image size-large\"><img decoding=\"async\" width=\"1024\" height=\"683\" src=\"https:\/\/minifootball.az\/mini\/wp-content\/uploads\/2024\/09\/sek-2-1-1024x683.jpg\" alt=\"\" class=\"wp-image-1305\" srcset=\"https:\/\/minifootball.az\/mini\/wp-content\/uploads\/2024\/09\/sek-2-1-1024x683.jpg 1024w, https:\/\/minifootball.az\/mini\/wp-content\/uploads\/2024\/09\/sek-2-1-300x200.jpg 300w, https:\/\/minifootball.az\/mini\/wp-content\/uploads\/2024\/09\/sek-2-1-768x512.jpg 768w, https:\/\/minifootball.az\/mini\/wp-content\/uploads\/2024\/09\/sek-2-1.jpg 1280w\" sizes=\"(max-width: 1024px) 100vw, 1024px\" \/><\/figure>\n\n\n\n<figure class=\"wp-block-image size-large\"><img decoding=\"async\" width=\"1024\" height=\"683\" src=\"https:\/\/minifootball.az\/mini\/wp-content\/uploads\/2024\/09\/sek-3-1-1024x683.jpg\" alt=\"\" class=\"wp-image-1307\" srcset=\"https:\/\/minifootball.az\/mini\/wp-content\/uploads\/2024\/09\/sek-3-1-1024x683.jpg 1024w, https:\/\/minifootball.az\/mini\/wp-content\/uploads\/2024\/09\/sek-3-1-300x200.jpg 300w, https:\/\/minifootball.az\/mini\/wp-content\/uploads\/2024\/09\/sek-3-1-768x512.jpg 768w, https:\/\/minifootball.az\/mini\/wp-content\/uploads\/2024\/09\/sek-3-1.jpg 1280w\" sizes=\"(max-width: 1024px) 100vw, 1024px\" \/><\/figure>\n\n\n\n<figure class=\"wp-block-image size-large\"><img loading=\"lazy\" decoding=\"async\" width=\"1024\" height=\"682\" src=\"https:\/\/minifootball.az\/mini\/wp-content\/uploads\/2024\/09\/sek-4-1-1024x682.jpg\" alt=\"\" class=\"wp-image-1308\" srcset=\"https:\/\/minifootball.az\/mini\/wp-content\/uploads\/2024\/09\/sek-4-1-1024x682.jpg 1024w, https:\/\/minifootball.az\/mini\/wp-content\/uploads\/2024\/09\/sek-4-1-300x200.jpg 300w, https:\/\/minifootball.az\/mini\/wp-content\/uploads\/2024\/09\/sek-4-1-768x512.jpg 768w, https:\/\/minifootball.az\/mini\/wp-content\/uploads\/2024\/09\/sek-4-1-1536x1023.jpg 1536w, https:\/\/minifootball.az\/mini\/wp-content\/uploads\/2024\/09\/sek-4-1.jpg 1600w\" sizes=\"(max-width: 1024px) 100vw, 1024px\" \/><\/figure>\n\n\n\n<figure class=\"wp-block-image size-large\"><img loading=\"lazy\" decoding=\"async\" width=\"1024\" height=\"682\" src=\"https:\/\/minifootball.az\/mini\/wp-content\/uploads\/2024\/09\/sek-5-1-1024x682.jpg\" alt=\"\" class=\"wp-image-1309\" srcset=\"https:\/\/minifootball.az\/mini\/wp-content\/uploads\/2024\/09\/sek-5-1-1024x682.jpg 1024w, https:\/\/minifootball.az\/mini\/wp-content\/uploads\/2024\/09\/sek-5-1-300x200.jpg 300w, https:\/\/minifootball.az\/mini\/wp-content\/uploads\/2024\/09\/sek-5-1-768x512.jpg 768w, https:\/\/minifootball.az\/mini\/wp-content\/uploads\/2024\/09\/sek-5-1-1536x1023.jpg 1536w, https:\/\/minifootball.az\/mini\/wp-content\/uploads\/2024\/09\/sek-5-1.jpg 1600w\" sizes=\"(max-width: 1024px) 100vw, 1024px\" \/><\/figure>\n\n\n\n<figure class=\"wp-block-image size-large\"><img loading=\"lazy\" decoding=\"async\" width=\"1024\" height=\"682\" src=\"https:\/\/minifootball.az\/mini\/wp-content\/uploads\/2024\/09\/sek-6-1024x682.jpg\" alt=\"\" class=\"wp-image-1310\" srcset=\"https:\/\/minifootball.az\/mini\/wp-content\/uploads\/2024\/09\/sek-6-1024x682.jpg 1024w, https:\/\/minifootball.az\/mini\/wp-content\/uploads\/2024\/09\/sek-6-300x200.jpg 300w, https:\/\/minifootball.az\/mini\/wp-content\/uploads\/2024\/09\/sek-6-768x512.jpg 768w, https:\/\/minifootball.az\/mini\/wp-content\/uploads\/2024\/09\/sek-6-1536x1023.jpg 1536w, https:\/\/minifootball.az\/mini\/wp-content\/uploads\/2024\/09\/sek-6.jpg 1600w\" sizes=\"(max-width: 1024px) 100vw, 1024px\" \/><\/figure>\n\n\n\n<figure class=\"wp-block-image size-large\"><img loading=\"lazy\" decoding=\"async\" width=\"1024\" height=\"682\" src=\"https:\/\/minifootball.az\/mini\/wp-content\/uploads\/2024\/09\/sek-7-1-1024x682.jpg\" alt=\"\" class=\"wp-image-1311\" srcset=\"https:\/\/minifootball.az\/mini\/wp-content\/uploads\/2024\/09\/sek-7-1-1024x682.jpg 1024w, https:\/\/minifootball.az\/mini\/wp-content\/uploads\/2024\/09\/sek-7-1-300x200.jpg 300w, https:\/\/minifootball.az\/mini\/wp-content\/uploads\/2024\/09\/sek-7-1-768x512.jpg 768w, https:\/\/minifootball.az\/mini\/wp-content\/uploads\/2024\/09\/sek-7-1-1536x1023.jpg 1536w, https:\/\/minifootball.az\/mini\/wp-content\/uploads\/2024\/09\/sek-7-1.jpg 1600w\" sizes=\"(max-width: 1024px) 100vw, 1024px\" \/><\/figure>\n\n\n\n<figure class=\"wp-block-image size-large\"><img loading=\"lazy\" decoding=\"async\" width=\"1024\" height=\"683\" src=\"https:\/\/minifootball.az\/mini\/wp-content\/uploads\/2024\/09\/sek-8-2-1024x683.jpg\" alt=\"\" class=\"wp-image-1312\" srcset=\"https:\/\/minifootball.az\/mini\/wp-content\/uploads\/2024\/09\/sek-8-2-1024x683.jpg 1024w, https:\/\/minifootball.az\/mini\/wp-content\/uploads\/2024\/09\/sek-8-2-300x200.jpg 300w, https:\/\/minifootball.az\/mini\/wp-content\/uploads\/2024\/09\/sek-8-2-768x512.jpg 768w, https:\/\/minifootball.az\/mini\/wp-content\/uploads\/2024\/09\/sek-8-2.jpg 1280w\" sizes=\"(max-width: 1024px) 100vw, 1024px\" \/><\/figure>\n\n\n\n<figure class=\"wp-block-image size-large\"><img loading=\"lazy\" decoding=\"async\" width=\"1024\" height=\"683\" src=\"https:\/\/minifootball.az\/mini\/wp-content\/uploads\/2024\/09\/sek-9-1-1024x683.jpg\" alt=\"\" class=\"wp-image-1313\" srcset=\"https:\/\/minifootball.az\/mini\/wp-content\/uploads\/2024\/09\/sek-9-1-1024x683.jpg 1024w, https:\/\/minifootball.az\/mini\/wp-content\/uploads\/2024\/09\/sek-9-1-300x200.jpg 300w, https:\/\/minifootball.az\/mini\/wp-content\/uploads\/2024\/09\/sek-9-1-768x512.jpg 768w, https:\/\/minifootball.az\/mini\/wp-content\/uploads\/2024\/09\/sek-9-1.jpg 1280w\" sizes=\"(max-width: 1024px) 100vw, 1024px\" \/><\/figure>\n\n\n\n<figure class=\"wp-block-image size-large\"><img loading=\"lazy\" decoding=\"async\" width=\"1024\" height=\"683\" src=\"https:\/\/minifootball.az\/mini\/wp-content\/uploads\/2024\/09\/sek-10-1-1024x683.jpg\" alt=\"\" class=\"wp-image-1314\" srcset=\"https:\/\/minifootball.az\/mini\/wp-content\/uploads\/2024\/09\/sek-10-1-1024x683.jpg 1024w, https:\/\/minifootball.az\/mini\/wp-content\/uploads\/2024\/09\/sek-10-1-300x200.jpg 300w, https:\/\/minifootball.az\/mini\/wp-content\/uploads\/2024\/09\/sek-10-1-768x512.jpg 768w, https:\/\/minifootball.az\/mini\/wp-content\/uploads\/2024\/09\/sek-10-1.jpg 1280w\" sizes=\"(max-width: 1024px) 100vw, 1024px\" \/><\/figure>\n\n\n\n<figure class=\"wp-block-image size-large\"><img loading=\"lazy\" decoding=\"async\" width=\"1024\" height=\"683\" src=\"https:\/\/minifootball.az\/mini\/wp-content\/uploads\/2024\/09\/sek-11-1-1024x683.jpg\" alt=\"\" class=\"wp-image-1315\" srcset=\"https:\/\/minifootball.az\/mini\/wp-content\/uploads\/2024\/09\/sek-11-1-1024x683.jpg 1024w, https:\/\/minifootball.az\/mini\/wp-content\/uploads\/2024\/09\/sek-11-1-300x200.jpg 300w, https:\/\/minifootball.az\/mini\/wp-content\/uploads\/2024\/09\/sek-11-1-768x512.jpg 768w, https:\/\/minifootball.az\/mini\/wp-content\/uploads\/2024\/09\/sek-11-1.jpg 1280w\" sizes=\"(max-width: 1024px) 100vw, 1024px\" \/><\/figure>\n","protected":false},"excerpt":{"rendered":"<p>Bu g\u00fcn G\u0259ncl\u0259r v\u0259 \u0130dman naziri c\u0259nab F\u0259rid Qay\u0131bov v\u0259 Az\u0259rbaycan Minifutbol Federasiyas\u0131n\u0131n prezidenti Orxan M\u0259mm\u0259dov Pol\u015fada t\u0259\u015fkil olunan minifutbol \u00fczr\u0259 Avropa \u00c7empionlar Liqas\u0131n\u0131n qalibi \u201cBirba\u015fa Bak\u0131\u201dkomandas\u0131 il\u0259 g\u00f6r\u00fc\u015f\u00fcb. G\u00f6r\u00fc\u015fd\u0259 m\u0259\u015fq\u00e7i v\u0259 futbol\u00e7ular\u0131n yar\u0131\u015fla ba\u011fl\u0131 t\u0259\u0259ss\u00fcratlar\u0131n\u0131 dinl\u0259nilib. \u00d6lk\u0259mizi turnird\u0259 layiqinc\u0259 t\u0259msil etdikl\u0259rin\u0259 v\u0259 qazan\u0131lan y\u00fcks\u0259k nailiyy\u0259t\u0259 g\u00f6r\u0259 onlar\u0131 t\u0259brik ed\u0259n nazir v\u0259 federasiya prezidenti bu q\u0259l\u0259b\u0259nin \u00f6lk\u0259mizd\u0259 minifutbolun inki\u015faf\u0131n\u0131n bariz n\u00fcmun\u0259si kimi qiym\u0259tl\u0259ndiribl\u0259r. F\u0259rid Qay\u0131bovun s\u00f6zl\u0259rin\u0259 g\u00f6r\u0259 milli komandam\u0131z\u0131n Avropa \u00e7empionu olduqdan sonra minifutbola maraq art\u0131b. Federasiyan\u0131n g\u00f6rd\u00fcy\u00fc i\u015fl\u0259ri, milli \u00e7empionat\u0131 y\u00fcks\u0259k s\u0259viyy\u0259d\u0259 ke\u00e7irm\u0259sinin n\u0259tic\u0259sidir ki, klublar\u0131m\u0131z v\u0259 millimiz beyn\u0259lxalq arenada u\u011furlu n\u0259tic\u0259l\u0259r \u0259ld\u0259 edibl\u0259r. Az\u0259rbaycan Minifutbol Federasiyas\u0131n\u0131n prezidenti Orxan M\u0259mm\u0259dov xo\u015f s\u00f6zl\u0259r\u0259 g\u00f6r\u0259 nazir\u0259 t\u0259\u015f\u0259kk\u00fcr\u00fcn\u00fc \u00e7atd\u0131rd\u0131. B\u00fct\u00fcn idman n\u00f6vl\u0259rind\u0259 oldu\u011fu kimi minifutbola da d\u00f6vl\u0259t t\u0259r\u0259find\u0259n diqq\u0259t v\u0259 qay\u011f\u0131 g\u00f6st\u0259rildiyini qeyd ed\u0259n ed\u0259n federasiya r\u0259hb\u0259ri bu amilin u\u011furlar\u0131n qazan\u0131lmas\u0131 \u00fc\u00e7\u00fcn \u0259lav\u0259 stimulm oldu\u011funu dedi. &#8220;Birba\u015fa Bak\u0131&#8221; komandas\u0131n\u0131n t\u0259sis\u00e7isi Ramin Hac\u0131yev is\u0259 nazir v\u0259 federasiya prezidentin\u0259 xo\u015f s\u00f6zl\u0259r\u0259 v\u0259 diqq\u0259t\u0259 g\u00f6r\u0259 minn\u0259tdarl\u0131\u011f\u0131n\u0131 bildirdi. Komandan\u0131n \u00c7empionlar Liqas\u0131n\u0131n q\u0259l\u0259b\u0259 qazanmas\u0131n\u0131 Az\u0259rbaycan\u0131n bir daha idman \u00f6lk\u0259si olmas\u0131\u0131 il\u0259 \u0259laq\u0259l\u0259ndir\u0259n klub r\u0259smisi g\u0259l\u0259c\u0259kd\u0259 beyn\u0259lxalq arenalarda u\u011fur qazanmaq \u00fc\u00e7\u00fcn daha s\u0259yl\u0259 \u00e7al\u0131\u015facaqlar\u0131n\u0131 vur\u011fulad\u0131. G\u00f6r\u00fc\u015fd\u0259 h\u0259m\u00e7inin komanda \u00fczvl\u0259ri yar\u0131\u015fla ba\u011fl\u0131 t\u0259\u0259ss\u00fcratlar\u0131n\u0131 b\u00f6l\u00fc\u015f\u00fcbl\u0259r. Sonda &#8220;Birba\u015fa Bak\u0131&#8221; komandas\u0131n\u0131n formas\u0131 nazir F\u0259rid Qay\u0131bova t\u0259qdim olundu v\u0259 xatir\u0259 \u015f\u0259kli \u00e7\u0259kdirildi.<\/p>\n","protected":false},"author":2,"featured_media":1302,"comment_status":"closed","ping_status":"closed","sticky":false,"template":"","format":"standard","meta":{"_siteseo_robots_primary_cat":"none","footnotes":""},"categories":[1,3],"tags":[],"class_list":["post-1301","post","type-post","status-publish","format-standard","has-post-thumbnail","hentry","category-bas-sehife","category-xeberler"],"_links":{"self":[{"href":"https:\/\/minifootball.az\/mini\/index.php?rest_route=\/wp\/v2\/posts\/1301","targetHints":{"allow":["GET"]}}],"collection":[{"href":"https:\/\/minifootball.az\/mini\/index.php?rest_route=\/wp\/v2\/posts"}],"about":[{"href":"https:\/\/minifootball.az\/mini\/index.php?rest_route=\/wp\/v2\/types\/post"}],"author":[{"embeddable":true,"href":"https:\/\/minifootball.az\/mini\/index.php?rest_route=\/wp\/v2\/users\/2"}],"replies":[{"embeddable":true,"href":"https:\/\/minifootball.az\/mini\/index.php?rest_route=%2Fwp%2Fv2%2Fcomments&post=1301"}],"version-history":[{"count":2,"href":"https:\/\/minifootball.az\/mini\/index.php?rest_route=\/wp\/v2\/posts\/1301\/revisions"}],"predecessor-version":[{"id":1316,"href":"https:\/\/minifootball.az\/mini\/index.php?rest_route=\/wp\/v2\/posts\/1301\/revisions\/1316"}],"wp:featuredmedia":[{"embeddable":true,"href":"https:\/\/minifootball.az\/mini\/index.php?rest_route=\/wp\/v2\/media\/1302"}],"wp:attachment":[{"href":"https:\/\/minifootball.az\/mini\/index.php?rest_route=%2Fwp%2Fv2%2Fmedia&parent=1301"}],"wp:term":[{"taxonomy":"category","embeddable":true,"href":"https:\/\/minifootball.az\/mini\/index.php?rest_route=%2Fwp%2Fv2%2Fcategories&post=1301"},{"taxonomy":"post_tag","embeddable":true,"href":"https:\/\/minifootball.az\/mini\/index.php?rest_route=%2Fwp%2Fv2%2Ftags&post=1301"}],"curies":[{"name":"wp","href":"https:\/\/api.w.org\/{rel}","templated":true}]}}