{"id":1317,"date":"2024-09-26T10:36:39","date_gmt":"2024-09-26T06:36:39","guid":{"rendered":"https:\/\/minifootball.az\/mini\/?p=1317"},"modified":"2024-09-26T13:24:11","modified_gmt":"2024-09-26T09:24:11","slug":"olke-cempionatinin-puskatma-merasimi-kecirilecek","status":"publish","type":"post","link":"https:\/\/minifootball.az\/mini\/?p=1317","title":{"rendered":"\u00d6LK\u018f \u00c7EMP\u0130ONATININ P\u00dc\u015eKATMA M\u018fRAS\u0130M\u0130 KE\u00c7\u0130R\u0130L\u018fC\u018fK"},"content":{"rendered":"\n<p>Bu g\u00fcn minifutbol \u00fczr\u0259 \u00f6lk\u0259 \u00e7empionat\u0131n\u0131n 2024\/25-ci ill\u0259r m\u00f6vs\u00fcm\u00fcn\u00fcn p\u00fc\u015fkatma m\u0259rasimi ke\u00e7iril\u0259c\u0259k. \u00a0M\u0259rasim Heyd\u0259r \u018fliyev prospekti 152 d\u0259 yerl\u0259\u015f\u0259n \u201c\u00c7inar Plaza\u201dn\u0131n konfrans zal\u0131nda ke\u00e7iril\u0259c\u0259k. Qeyd ed\u0259k ki, yeni m\u00f6vs\u00fcmd\u0259 \u00f6lk\u0259 \u00e7empilnat\u0131nda 14 komanda m\u00fcbariz\u0259 aparacaq. Bunlar \u201cBirba\u015fa\u201d, \u201cG\u00f6y\u00e7\u0259\u201d, \u201cZir\u0259\u201d, \u201cLa\u00e7\u0131n\u201d \u201cAznur\u201d, \u00a0\u201cGalaxy\u201d, \u201cSumqay\u0131t\u201d, \u201cSiy\u0259z\u0259n\u201d, \u201cSuraxan\u0131\u201d, \u201c\u00c7inar Z\u0259ngilan\u201d, \u201c\u015eamax\u0131\u201d, F\u00fczuli Altay\u201d, \u201cBak\u0131 145\u201d, \u201cStar Bak\u0131\u201d komandalar\u0131d\u0131r. Sentyabr\u0131n 26-da t\u0259\u015fkil edil\u0259c\u0259k t\u0259dbir saat 16:00-da ba\u015flanacaq. T\u0259dbir\u0259 b\u00fct\u00fcn media n\u00fcmay\u0259nd\u0259l\u0259ri d\u0259v\u0259tlidir.<\/p>\n","protected":false},"excerpt":{"rendered":"<p>Bu g\u00fcn minifutbol \u00fczr\u0259 \u00f6lk\u0259 \u00e7empionat\u0131n\u0131n 2024\/25-ci ill\u0259r m\u00f6vs\u00fcm\u00fcn\u00fcn p\u00fc\u015fkatma m\u0259rasimi ke\u00e7iril\u0259c\u0259k. \u00a0M\u0259rasim Heyd\u0259r \u018fliyev prospekti 152 d\u0259 yerl\u0259\u015f\u0259n \u201c\u00c7inar Plaza\u201dn\u0131n konfrans zal\u0131nda ke\u00e7iril\u0259c\u0259k. Qeyd ed\u0259k ki, yeni m\u00f6vs\u00fcmd\u0259 \u00f6lk\u0259 \u00e7empilnat\u0131nda 14 komanda m\u00fcbariz\u0259 aparacaq. Bunlar \u201cBirba\u015fa\u201d, \u201cG\u00f6y\u00e7\u0259\u201d, \u201cZir\u0259\u201d, \u201cLa\u00e7\u0131n\u201d \u201cAznur\u201d, \u00a0\u201cGalaxy\u201d, \u201cSumqay\u0131t\u201d, \u201cSiy\u0259z\u0259n\u201d, \u201cSuraxan\u0131\u201d, \u201c\u00c7inar Z\u0259ngilan\u201d, \u201c\u015eamax\u0131\u201d, F\u00fczuli Altay\u201d, \u201cBak\u0131 145\u201d, \u201cStar Bak\u0131\u201d komandalar\u0131d\u0131r. Sentyabr\u0131n 26-da t\u0259\u015fkil edil\u0259c\u0259k t\u0259dbir saat 16:00-da ba\u015flanacaq. T\u0259dbir\u0259 b\u00fct\u00fcn media n\u00fcmay\u0259nd\u0259l\u0259ri d\u0259v\u0259tlidir.<\/p>\n","protected":false},"author":2,"featured_media":1320,"comment_status":"closed","ping_status":"closed","sticky":false,"template":"","format":"standard","meta":{"_siteseo_robots_primary_cat":"none","footnotes":""},"categories":[3],"tags":[],"class_list":["post-1317","post","type-post","status-publish","format-standard","has-post-thumbnail","hentry","category-xeberler"],"_links":{"self":[{"href":"https:\/\/minifootball.az\/mini\/index.php?rest_route=\/wp\/v2\/posts\/1317","targetHints":{"allow":["GET"]}}],"collection":[{"href":"https:\/\/minifootball.az\/mini\/index.php?rest_route=\/wp\/v2\/posts"}],"about":[{"href":"https:\/\/minifootball.az\/mini\/index.php?rest_route=\/wp\/v2\/types\/post"}],"author":[{"embeddable":true,"href":"https:\/\/minifootball.az\/mini\/index.php?rest_route=\/wp\/v2\/users\/2"}],"replies":[{"embeddable":true,"href":"https:\/\/minifootball.az\/mini\/index.php?rest_route=%2Fwp%2Fv2%2Fcomments&post=1317"}],"version-history":[{"count":2,"href":"https:\/\/minifootball.az\/mini\/index.php?rest_route=\/wp\/v2\/posts\/1317\/revisions"}],"predecessor-version":[{"id":1322,"href":"https:\/\/minifootball.az\/mini\/index.php?rest_route=\/wp\/v2\/posts\/1317\/revisions\/1322"}],"wp:featuredmedia":[{"embeddable":true,"href":"https:\/\/minifootball.az\/mini\/index.php?rest_route=\/wp\/v2\/media\/1320"}],"wp:attachment":[{"href":"https:\/\/minifootball.az\/mini\/index.php?rest_route=%2Fwp%2Fv2%2Fmedia&parent=1317"}],"wp:term":[{"taxonomy":"category","embeddable":true,"href":"https:\/\/minifootball.az\/mini\/index.php?rest_route=%2Fwp%2Fv2%2Fcategories&post=1317"},{"taxonomy":"post_tag","embeddable":true,"href":"https:\/\/minifootball.az\/mini\/index.php?rest_route=%2Fwp%2Fv2%2Ftags&post=1317"}],"curies":[{"name":"wp","href":"https:\/\/api.w.org\/{rel}","templated":true}]}}