{"id":169,"date":"2024-04-30T08:53:50","date_gmt":"2024-04-30T08:53:50","guid":{"rendered":"https:\/\/minifootball.az\/mini\/?p=169"},"modified":"2024-05-16T15:28:45","modified_gmt":"2024-05-16T11:28:45","slug":"beyn%c9%99lxalq-%c9%99laq%c9%99l%c9%99r","status":"publish","type":"post","link":"https:\/\/minifootball.az\/mini\/?p=169","title":{"rendered":"BEYN\u018fLXALQ \u018fLAQ\u018fL\u018fR"},"content":{"rendered":"\n<p>AMF il \u0259rzind\u0259 m\u00fcnt\u0259z\u0259m olaraq turnirl\u0259r v\u0259 liqalara ev sahibliyi edir, h\u0259m\u00e7inin Az\u0259rbaycan\u0131 qlobal s\u0259hn\u0259d\u0259 t\u0259msil etm\u0259k v\u0259 \u00f6lk\u0259nin idmanda r\u0259qab\u0259t\u0259davaml\u0131 q\u00fcvv\u0259 kimi n\u00fcfuzunu t\u0259bli\u011f etm\u0259k \u00fc\u00e7\u00fcn minifutbol \u00fczr\u0259 milli komandan\u0131n beyn\u0259lxalq turnirl\u0259rd\u0259 i\u015ftirak\u0131n\u0131 t\u0259min edir.<\/p>\n\n\n\n<p>Federasiya idman haqq\u0131nda m\u0259lumatl\u0131l\u0131\u011f\u0131 art\u0131rmaq v\u0259 daha \u00e7ox insan\u0131 bu idmana qo\u015fulma\u011fa t\u0259\u015fviq etm\u0259k \u00fc\u00e7\u00fcn m\u0259kt\u0259bl\u0259r, icma qruplar\u0131 v\u0259 dig\u0259r t\u0259\u015fkilatlarla s\u0131x \u0259laq\u0259d\u0259 f\u0259aliyy\u0259t g\u00f6st\u0259rir. Bura Az\u0259rbaycanda minifutbolun inki\u015faf\u0131n\u0131 v\u0259 populyarl\u0131\u011f\u0131n\u0131 art\u0131rmaq \u00fc\u00e7\u00fcn tan\u0131t\u0131m t\u0259dbirl\u0259rinin, ictimaiyy\u0259tl\u0259 \u0259laq\u0259 proqramlar\u0131n\u0131n v\u0259 media kampaniyalar\u0131n\u0131n t\u0259\u015fkili daxildir.<\/p>\n\n\n\n<p>AMF-in f\u0259aliyy\u0259tinin dig\u0259r m\u00fch\u00fcm istiqam\u0259ti d\u00fcnyan\u0131n dig\u0259r minifutbol t\u0259\u015fkilatlar\u0131 il\u0259 \u0259laq\u0259l\u0259rin qurulmas\u0131d\u0131r. Federasiya Avropa v\u0259 D\u00fcnya Minifutbol Federasiyalar\u0131n\u0131n \u00fczv\u00fcd\u00fcr v\u0259 qabaqc\u0131l t\u0259cr\u00fcb\u0259l\u0259ri b\u00f6l\u00fc\u015fm\u0259k \u00fc\u00e7\u00fcn dig\u0259r milli federasiyalarla g\u00f6r\u00fc\u015f v\u0259 konfranslarda i\u015ftirak edir.<\/p>\n\n\n\n<p>Bu m\u0259nada D\u00fcnya v\u0259 Avropa Minifutbol Federasiyalar\u0131n\u0131n r\u0259hb\u0259rl\u0259ri il\u0259 m\u00fct\u0259madi g\u00f6r\u00fc\u015fl\u0259r ke\u00e7irilir v\u0259 fikir m\u00fcbadil\u0259si apar\u0131l\u0131r. 2022-ci ild\u0259 Beyn\u0259lxalq Minifutbol Federasiyas\u0131n\u0131n prezidenti Filip Juda, Avropa Minifutbol Federasiyas\u0131n\u0131n prezidenti Bolislav Aleksandr \u00f6lk\u0259miz\u0259 s\u0259f\u0259r edibl\u0259r. Onlar s\u0259f\u0259r zaman\u0131 Az\u0259rbaycan Minifutbol Federasiyas\u0131n\u0131n prezidenti Orxan M\u0259mm\u0259dov, G\u0259ncl\u0259r v\u0259 \u0130dman Naziri F\u0259riq Qay\u0131bovla g\u00f6r\u00fc\u015f\u00fcb, \u00f6lk\u0259mizd\u0259 bu idman n\u00f6v\u00fcn\u00fcn inki\u015faf\u0131 \u00fc\u00e7\u00fcn b\u00f6y\u00fck potensial oldu\u011funu qeyd edibl\u0259r. \u00d6lk\u0259mizd\u0259 indiy\u0259 q\u0259d\u0259r m\u00f6t\u0259b\u0259r idman yar\u0131\u015flar\u0131n\u0131n ke\u00e7irildiyini bildir\u0259n Az\u0259rbaycan Minifutbol Federasiyas\u0131n\u0131n prezidenti Orxan M\u0259mm\u0259dov \u00f6lk\u0259mizin minifutbol \u00fczr\u0259 Avrop v\u0259 D\u00fcnya \u00e7empionatlar\u0131n\u0131 t\u0259\u015fkil etm\u0259y\u0259 iddial\u0131 oldu\u011funu diqq\u0259t\u0259 \u00e7atd\u0131r\u0131b. S\u0259f\u0259r zaman\u0131 qonaqlar Bak\u0131dak\u0131 bir s\u0131ra idman qur\u011fular\u0131n\u0131n o c\u00fcml\u0259d\u0259n Kristall Hall v\u0259 Milli Gimnastika Arenas\u0131 il\u0259 d\u0259 tan\u0131\u015f olublar.<\/p>\n\n\n\n<figure class=\"wp-block-gallery has-nested-images columns-default is-cropped wp-block-gallery-1 is-layout-flex wp-block-gallery-is-layout-flex\">\n<figure class=\"wp-block-image size-thumbnail\"><img decoding=\"async\" width=\"150\" height=\"150\" data-id=\"408\" src=\"https:\/\/minifootball.az\/mini\/wp-content\/uploads\/2024\/05\/294728351_1233038057465841_9039087710899255551_n-150x150.jpg\" alt=\"\" class=\"wp-image-408\" srcset=\"https:\/\/minifootball.az\/mini\/wp-content\/uploads\/2024\/05\/294728351_1233038057465841_9039087710899255551_n-150x150.jpg 150w, https:\/\/minifootball.az\/mini\/wp-content\/uploads\/2024\/05\/294728351_1233038057465841_9039087710899255551_n-75x75.jpg 75w\" sizes=\"(max-width: 150px) 100vw, 150px\" \/><\/figure>\n\n\n\n<figure class=\"wp-block-image size-large\"><img fetchpriority=\"high\" decoding=\"async\" width=\"1024\" height=\"682\" data-id=\"410\" src=\"https:\/\/minifootball.az\/mini\/wp-content\/uploads\/2024\/05\/295513631_1233038067465840_2277607557774726709_n-1024x682.jpg\" alt=\"\" class=\"wp-image-410\" srcset=\"https:\/\/minifootball.az\/mini\/wp-content\/uploads\/2024\/05\/295513631_1233038067465840_2277607557774726709_n-1024x682.jpg 1024w, https:\/\/minifootball.az\/mini\/wp-content\/uploads\/2024\/05\/295513631_1233038067465840_2277607557774726709_n-300x200.jpg 300w, https:\/\/minifootball.az\/mini\/wp-content\/uploads\/2024\/05\/295513631_1233038067465840_2277607557774726709_n-768x512.jpg 768w, https:\/\/minifootball.az\/mini\/wp-content\/uploads\/2024\/05\/295513631_1233038067465840_2277607557774726709_n.jpg 1066w\" sizes=\"(max-width: 1024px) 100vw, 1024px\" \/><\/figure>\n\n\n\n<figure class=\"wp-block-image size-large\"><img decoding=\"async\" width=\"1024\" height=\"682\" data-id=\"413\" src=\"https:\/\/minifootball.az\/mini\/wp-content\/uploads\/2024\/05\/295525071_1233038064132507_4161408868008445424_n-1024x682.jpg\" alt=\"\" class=\"wp-image-413\" srcset=\"https:\/\/minifootball.az\/mini\/wp-content\/uploads\/2024\/05\/295525071_1233038064132507_4161408868008445424_n-1024x682.jpg 1024w, https:\/\/minifootball.az\/mini\/wp-content\/uploads\/2024\/05\/295525071_1233038064132507_4161408868008445424_n-300x200.jpg 300w, https:\/\/minifootball.az\/mini\/wp-content\/uploads\/2024\/05\/295525071_1233038064132507_4161408868008445424_n-768x512.jpg 768w, https:\/\/minifootball.az\/mini\/wp-content\/uploads\/2024\/05\/295525071_1233038064132507_4161408868008445424_n.jpg 1066w\" sizes=\"(max-width: 1024px) 100vw, 1024px\" \/><\/figure>\n\n\n\n<figure class=\"wp-block-image size-large\"><img loading=\"lazy\" decoding=\"async\" width=\"1024\" height=\"769\" data-id=\"411\" src=\"https:\/\/minifootball.az\/mini\/wp-content\/uploads\/2024\/05\/295549667_1234294807340166_1076036174246499684_n-1024x769.jpg\" alt=\"\" class=\"wp-image-411\" srcset=\"https:\/\/minifootball.az\/mini\/wp-content\/uploads\/2024\/05\/295549667_1234294807340166_1076036174246499684_n-1024x769.jpg 1024w, https:\/\/minifootball.az\/mini\/wp-content\/uploads\/2024\/05\/295549667_1234294807340166_1076036174246499684_n-300x225.jpg 300w, https:\/\/minifootball.az\/mini\/wp-content\/uploads\/2024\/05\/295549667_1234294807340166_1076036174246499684_n-768x577.jpg 768w, https:\/\/minifootball.az\/mini\/wp-content\/uploads\/2024\/05\/295549667_1234294807340166_1076036174246499684_n.jpg 1440w\" sizes=\"(max-width: 1024px) 100vw, 1024px\" \/><\/figure>\n\n\n\n<figure class=\"wp-block-image size-large\"><img loading=\"lazy\" decoding=\"async\" width=\"1024\" height=\"683\" data-id=\"409\" src=\"https:\/\/minifootball.az\/mini\/wp-content\/uploads\/2024\/05\/295670245_1232879714148342_1475822309220458550_n-1024x683.jpg\" alt=\"\" class=\"wp-image-409\" srcset=\"https:\/\/minifootball.az\/mini\/wp-content\/uploads\/2024\/05\/295670245_1232879714148342_1475822309220458550_n-1024x683.jpg 1024w, https:\/\/minifootball.az\/mini\/wp-content\/uploads\/2024\/05\/295670245_1232879714148342_1475822309220458550_n-300x200.jpg 300w, https:\/\/minifootball.az\/mini\/wp-content\/uploads\/2024\/05\/295670245_1232879714148342_1475822309220458550_n-768x512.jpg 768w, https:\/\/minifootball.az\/mini\/wp-content\/uploads\/2024\/05\/295670245_1232879714148342_1475822309220458550_n.jpg 1440w\" sizes=\"(max-width: 1024px) 100vw, 1024px\" \/><\/figure>\n\n\n\n<figure class=\"wp-block-image size-large\"><img loading=\"lazy\" decoding=\"async\" width=\"1024\" height=\"769\" data-id=\"415\" src=\"https:\/\/minifootball.az\/mini\/wp-content\/uploads\/2024\/05\/295683147_1234294797340167_6239674850634910089_n-1024x769.jpg\" alt=\"\" class=\"wp-image-415\" srcset=\"https:\/\/minifootball.az\/mini\/wp-content\/uploads\/2024\/05\/295683147_1234294797340167_6239674850634910089_n-1024x769.jpg 1024w, https:\/\/minifootball.az\/mini\/wp-content\/uploads\/2024\/05\/295683147_1234294797340167_6239674850634910089_n-300x225.jpg 300w, https:\/\/minifootball.az\/mini\/wp-content\/uploads\/2024\/05\/295683147_1234294797340167_6239674850634910089_n-768x577.jpg 768w, https:\/\/minifootball.az\/mini\/wp-content\/uploads\/2024\/05\/295683147_1234294797340167_6239674850634910089_n.jpg 1440w\" sizes=\"(max-width: 1024px) 100vw, 1024px\" \/><\/figure>\n\n\n\n<figure class=\"wp-block-image size-large\"><img loading=\"lazy\" decoding=\"async\" width=\"1024\" height=\"772\" data-id=\"414\" src=\"https:\/\/minifootball.az\/mini\/wp-content\/uploads\/2024\/05\/295683147_1234294804006833_2668545943425830777_n-1024x772.jpg\" alt=\"\" class=\"wp-image-414\" srcset=\"https:\/\/minifootball.az\/mini\/wp-content\/uploads\/2024\/05\/295683147_1234294804006833_2668545943425830777_n-1024x772.jpg 1024w, https:\/\/minifootball.az\/mini\/wp-content\/uploads\/2024\/05\/295683147_1234294804006833_2668545943425830777_n-300x226.jpg 300w, https:\/\/minifootball.az\/mini\/wp-content\/uploads\/2024\/05\/295683147_1234294804006833_2668545943425830777_n-768x579.jpg 768w, https:\/\/minifootball.az\/mini\/wp-content\/uploads\/2024\/05\/295683147_1234294804006833_2668545943425830777_n.jpg 1440w\" sizes=\"(max-width: 1024px) 100vw, 1024px\" \/><\/figure>\n\n\n\n<figure class=\"wp-block-image size-large\"><img loading=\"lazy\" decoding=\"async\" width=\"1024\" height=\"682\" data-id=\"412\" src=\"https:\/\/minifootball.az\/mini\/wp-content\/uploads\/2024\/05\/295826977_1233038060799174_7026702636989220322_n-1024x682.jpg\" alt=\"\" class=\"wp-image-412\" srcset=\"https:\/\/minifootball.az\/mini\/wp-content\/uploads\/2024\/05\/295826977_1233038060799174_7026702636989220322_n-1024x682.jpg 1024w, https:\/\/minifootball.az\/mini\/wp-content\/uploads\/2024\/05\/295826977_1233038060799174_7026702636989220322_n-300x200.jpg 300w, https:\/\/minifootball.az\/mini\/wp-content\/uploads\/2024\/05\/295826977_1233038060799174_7026702636989220322_n-768x512.jpg 768w, https:\/\/minifootball.az\/mini\/wp-content\/uploads\/2024\/05\/295826977_1233038060799174_7026702636989220322_n.jpg 1066w\" sizes=\"(max-width: 1024px) 100vw, 1024px\" \/><\/figure>\n\n\n\n<figure class=\"wp-block-image size-large\"><img loading=\"lazy\" decoding=\"async\" width=\"1024\" height=\"682\" data-id=\"407\" src=\"https:\/\/minifootball.az\/mini\/wp-content\/uploads\/2024\/05\/296003607_1232895604146753_7361822064022264715_n-1024x682.jpg\" alt=\"\" class=\"wp-image-407\" srcset=\"https:\/\/minifootball.az\/mini\/wp-content\/uploads\/2024\/05\/296003607_1232895604146753_7361822064022264715_n-1024x682.jpg 1024w, https:\/\/minifootball.az\/mini\/wp-content\/uploads\/2024\/05\/296003607_1232895604146753_7361822064022264715_n-300x200.jpg 300w, https:\/\/minifootball.az\/mini\/wp-content\/uploads\/2024\/05\/296003607_1232895604146753_7361822064022264715_n-768x512.jpg 768w, https:\/\/minifootball.az\/mini\/wp-content\/uploads\/2024\/05\/296003607_1232895604146753_7361822064022264715_n.jpg 1280w\" sizes=\"(max-width: 1024px) 100vw, 1024px\" \/><\/figure>\n<\/figure>\n","protected":false},"excerpt":{"rendered":"<p>AMF il \u0259rzind\u0259 m\u00fcnt\u0259z\u0259m olaraq turnirl\u0259r v\u0259 liqalara ev sahibliyi edir, h\u0259m\u00e7inin Az\u0259rbaycan\u0131 qlobal s\u0259hn\u0259d\u0259 t\u0259msil etm\u0259k v\u0259 \u00f6lk\u0259nin idmanda r\u0259qab\u0259t\u0259davaml\u0131 q\u00fcvv\u0259 kimi n\u00fcfuzunu t\u0259bli\u011f etm\u0259k \u00fc\u00e7\u00fcn minifutbol \u00fczr\u0259 milli komandan\u0131n beyn\u0259lxalq turnirl\u0259rd\u0259 i\u015ftirak\u0131n\u0131 t\u0259min edir. Federasiya idman haqq\u0131nda m\u0259lumatl\u0131l\u0131\u011f\u0131 art\u0131rmaq v\u0259 daha \u00e7ox insan\u0131 bu idmana qo\u015fulma\u011fa t\u0259\u015fviq etm\u0259k \u00fc\u00e7\u00fcn m\u0259kt\u0259bl\u0259r, icma qruplar\u0131 v\u0259 dig\u0259r t\u0259\u015fkilatlarla s\u0131x \u0259laq\u0259d\u0259 f\u0259aliyy\u0259t g\u00f6st\u0259rir. Bura Az\u0259rbaycanda minifutbolun inki\u015faf\u0131n\u0131 v\u0259 populyarl\u0131\u011f\u0131n\u0131 art\u0131rmaq \u00fc\u00e7\u00fcn tan\u0131t\u0131m t\u0259dbirl\u0259rinin, ictimaiyy\u0259tl\u0259 \u0259laq\u0259 proqramlar\u0131n\u0131n v\u0259 media kampaniyalar\u0131n\u0131n t\u0259\u015fkili daxildir. AMF-in f\u0259aliyy\u0259tinin dig\u0259r m\u00fch\u00fcm istiqam\u0259ti d\u00fcnyan\u0131n dig\u0259r minifutbol t\u0259\u015fkilatlar\u0131 il\u0259 \u0259laq\u0259l\u0259rin qurulmas\u0131d\u0131r. Federasiya Avropa v\u0259 D\u00fcnya Minifutbol Federasiyalar\u0131n\u0131n \u00fczv\u00fcd\u00fcr v\u0259 qabaqc\u0131l t\u0259cr\u00fcb\u0259l\u0259ri b\u00f6l\u00fc\u015fm\u0259k \u00fc\u00e7\u00fcn dig\u0259r milli federasiyalarla g\u00f6r\u00fc\u015f v\u0259 konfranslarda i\u015ftirak edir. Bu m\u0259nada D\u00fcnya v\u0259 Avropa Minifutbol Federasiyalar\u0131n\u0131n r\u0259hb\u0259rl\u0259ri il\u0259 m\u00fct\u0259madi g\u00f6r\u00fc\u015fl\u0259r ke\u00e7irilir v\u0259 fikir m\u00fcbadil\u0259si apar\u0131l\u0131r. 2022-ci ild\u0259 Beyn\u0259lxalq Minifutbol Federasiyas\u0131n\u0131n prezidenti Filip Juda, Avropa Minifutbol Federasiyas\u0131n\u0131n prezidenti Bolislav Aleksandr \u00f6lk\u0259miz\u0259 s\u0259f\u0259r edibl\u0259r. Onlar s\u0259f\u0259r zaman\u0131 Az\u0259rbaycan Minifutbol Federasiyas\u0131n\u0131n prezidenti Orxan M\u0259mm\u0259dov, G\u0259ncl\u0259r v\u0259 \u0130dman Naziri F\u0259riq Qay\u0131bovla g\u00f6r\u00fc\u015f\u00fcb, \u00f6lk\u0259mizd\u0259 bu idman n\u00f6v\u00fcn\u00fcn inki\u015faf\u0131 \u00fc\u00e7\u00fcn b\u00f6y\u00fck potensial oldu\u011funu qeyd edibl\u0259r. \u00d6lk\u0259mizd\u0259 indiy\u0259 q\u0259d\u0259r m\u00f6t\u0259b\u0259r idman yar\u0131\u015flar\u0131n\u0131n ke\u00e7irildiyini bildir\u0259n Az\u0259rbaycan Minifutbol Federasiyas\u0131n\u0131n prezidenti Orxan M\u0259mm\u0259dov \u00f6lk\u0259mizin minifutbol \u00fczr\u0259 Avrop v\u0259 D\u00fcnya \u00e7empionatlar\u0131n\u0131 t\u0259\u015fkil etm\u0259y\u0259 iddial\u0131 oldu\u011funu diqq\u0259t\u0259 \u00e7atd\u0131r\u0131b. S\u0259f\u0259r zaman\u0131 qonaqlar Bak\u0131dak\u0131 bir s\u0131ra idman qur\u011fular\u0131n\u0131n o c\u00fcml\u0259d\u0259n Kristall Hall v\u0259 Milli Gimnastika Arenas\u0131 il\u0259 d\u0259 tan\u0131\u015f olublar.<\/p>\n","protected":false},"author":1,"featured_media":140,"comment_status":"closed","ping_status":"closed","sticky":false,"template":"","format":"standard","meta":{"_siteseo_robots_primary_cat":"none","footnotes":""},"categories":[31],"tags":[],"class_list":["post-169","post","type-post","status-publish","format-standard","has-post-thumbnail","hentry","category-beynelxalq-elaqeler"],"_links":{"self":[{"href":"https:\/\/minifootball.az\/mini\/index.php?rest_route=\/wp\/v2\/posts\/169","targetHints":{"allow":["GET"]}}],"collection":[{"href":"https:\/\/minifootball.az\/mini\/index.php?rest_route=\/wp\/v2\/posts"}],"about":[{"href":"https:\/\/minifootball.az\/mini\/index.php?rest_route=\/wp\/v2\/types\/post"}],"author":[{"embeddable":true,"href":"https:\/\/minifootball.az\/mini\/index.php?rest_route=\/wp\/v2\/users\/1"}],"replies":[{"embeddable":true,"href":"https:\/\/minifootball.az\/mini\/index.php?rest_route=%2Fwp%2Fv2%2Fcomments&post=169"}],"version-history":[{"count":4,"href":"https:\/\/minifootball.az\/mini\/index.php?rest_route=\/wp\/v2\/posts\/169\/revisions"}],"predecessor-version":[{"id":659,"href":"https:\/\/minifootball.az\/mini\/index.php?rest_route=\/wp\/v2\/posts\/169\/revisions\/659"}],"wp:featuredmedia":[{"embeddable":true,"href":"https:\/\/minifootball.az\/mini\/index.php?rest_route=\/wp\/v2\/media\/140"}],"wp:attachment":[{"href":"https:\/\/minifootball.az\/mini\/index.php?rest_route=%2Fwp%2Fv2%2Fmedia&parent=169"}],"wp:term":[{"taxonomy":"category","embeddable":true,"href":"https:\/\/minifootball.az\/mini\/index.php?rest_route=%2Fwp%2Fv2%2Fcategories&post=169"},{"taxonomy":"post_tag","embeddable":true,"href":"https:\/\/minifootball.az\/mini\/index.php?rest_route=%2Fwp%2Fv2%2Ftags&post=169"}],"curies":[{"name":"wp","href":"https:\/\/api.w.org\/{rel}","templated":true}]}}