{"id":2153,"date":"2025-01-07T20:44:09","date_gmt":"2025-01-07T16:44:09","guid":{"rendered":"https:\/\/minifootball.az\/mini\/?p=2153"},"modified":"2025-01-07T20:50:55","modified_gmt":"2025-01-07T16:50:55","slug":"millimizin-uzvu-avropanin-en-yaxsisi-secildi","status":"publish","type":"post","link":"https:\/\/minifootball.az\/mini\/?p=2153","title":{"rendered":"M\u0130LL\u0130M\u0130Z\u0130N \u00dcZV\u00dc AVROPANIN \u018fN YAX\u015eISI SE\u00c7\u0130LD\u0130"},"content":{"rendered":"\n<p>Avropada minifutbol \u00fczr\u0259 ilin \u0259n yax\u015f\u0131 oyun\u00e7ular\u0131n adlar\u0131 a\u00e7\u0131qlan\u0131b. \u018fn yax\u015f\u0131lar aras\u0131nda az\u0259rbaycanl\u0131 futbol\u00e7u da var. Bel\u0259 ki, minifutbol \u00fczr\u0259 milli komandam\u0131z\u0131n \u00fczv\u00fc V\u00fcsal \u0130sayev 2024-c\u00fc ild\u0259 Avropan\u0131n \u0259n yax\u015f\u0131 m\u00fcdafi\u0259\u00e7isi se\u00e7ilib. Qeyd ed\u0259k ki, V\u00fcsal \u0130sayev Az\u0259rbaycan \u00e7empionu \u201cBirba\u015fa Bak\u0131\u201d klubunun \u00fczv\u00fcd\u00fcr.<\/p>\n","protected":false},"excerpt":{"rendered":"<p>Avropada minifutbol \u00fczr\u0259 ilin \u0259n yax\u015f\u0131 oyun\u00e7ular\u0131n adlar\u0131 a\u00e7\u0131qlan\u0131b. \u018fn yax\u015f\u0131lar aras\u0131nda az\u0259rbaycanl\u0131 futbol\u00e7u da var. Bel\u0259 ki, minifutbol \u00fczr\u0259 milli komandam\u0131z\u0131n \u00fczv\u00fc V\u00fcsal \u0130sayev 2024-c\u00fc ild\u0259 Avropan\u0131n \u0259n yax\u015f\u0131 m\u00fcdafi\u0259\u00e7isi se\u00e7ilib. Qeyd ed\u0259k ki, V\u00fcsal \u0130sayev Az\u0259rbaycan \u00e7empionu \u201cBirba\u015fa Bak\u0131\u201d klubunun \u00fczv\u00fcd\u00fcr.<\/p>\n","protected":false},"author":2,"featured_media":2154,"comment_status":"closed","ping_status":"closed","sticky":false,"template":"","format":"standard","meta":{"_siteseo_robots_primary_cat":"none","footnotes":""},"categories":[3],"tags":[],"class_list":["post-2153","post","type-post","status-publish","format-standard","has-post-thumbnail","hentry","category-xeberler"],"_links":{"self":[{"href":"https:\/\/minifootball.az\/mini\/index.php?rest_route=\/wp\/v2\/posts\/2153","targetHints":{"allow":["GET"]}}],"collection":[{"href":"https:\/\/minifootball.az\/mini\/index.php?rest_route=\/wp\/v2\/posts"}],"about":[{"href":"https:\/\/minifootball.az\/mini\/index.php?rest_route=\/wp\/v2\/types\/post"}],"author":[{"embeddable":true,"href":"https:\/\/minifootball.az\/mini\/index.php?rest_route=\/wp\/v2\/users\/2"}],"replies":[{"embeddable":true,"href":"https:\/\/minifootball.az\/mini\/index.php?rest_route=%2Fwp%2Fv2%2Fcomments&post=2153"}],"version-history":[{"count":3,"href":"https:\/\/minifootball.az\/mini\/index.php?rest_route=\/wp\/v2\/posts\/2153\/revisions"}],"predecessor-version":[{"id":2159,"href":"https:\/\/minifootball.az\/mini\/index.php?rest_route=\/wp\/v2\/posts\/2153\/revisions\/2159"}],"wp:featuredmedia":[{"embeddable":true,"href":"https:\/\/minifootball.az\/mini\/index.php?rest_route=\/wp\/v2\/media\/2154"}],"wp:attachment":[{"href":"https:\/\/minifootball.az\/mini\/index.php?rest_route=%2Fwp%2Fv2%2Fmedia&parent=2153"}],"wp:term":[{"taxonomy":"category","embeddable":true,"href":"https:\/\/minifootball.az\/mini\/index.php?rest_route=%2Fwp%2Fv2%2Fcategories&post=2153"},{"taxonomy":"post_tag","embeddable":true,"href":"https:\/\/minifootball.az\/mini\/index.php?rest_route=%2Fwp%2Fv2%2Ftags&post=2153"}],"curies":[{"name":"wp","href":"https:\/\/api.w.org\/{rel}","templated":true}]}}