{"id":2425,"date":"2025-03-13T17:10:20","date_gmt":"2025-03-13T13:10:20","guid":{"rendered":"https:\/\/minifootball.az\/mini\/?p=2425"},"modified":"2025-03-13T17:10:22","modified_gmt":"2025-03-13T13:10:22","slug":"bakida-dunya-cempionatinin-puskatma-merasimi-kecirilib-fotolar","status":"publish","type":"post","link":"https:\/\/minifootball.az\/mini\/?p=2425","title":{"rendered":"BAKIDA D\u00dcNYA \u00c7EMP\u0130ONATININ P\u00dc\u015eKATMA M\u018fRAS\u0130M\u0130 KE\u00c7\u0130R\u0130L\u0130B (FOTOLAR)"},"content":{"rendered":"\n<p>Bak\u0131da minifutbol \u00fczr\u0259 d\u00fcnya \u00e7empionat\u0131n\u0131n p\u00fc\u015fkatma m\u0259rasimi ke\u00e7irilib. T\u0259dbird\u0259n \u00f6nc\u0259 Az\u0259rbaycan Respublikas\u0131n\u0131n D\u00f6vl\u0259t Himni s\u0259sl\u0259ndirilib. Daha sonra d\u00fcnya \u00e7empionat\u0131 il\u0259 ba\u011fl\u0131 video\u00e7arx n\u00fcmayi\u015f olunub. Milli komandam\u0131z\u0131n sabiq kapitan\u0131 Seymur M\u0259mm\u0259dov d\u00fcnya \u00e7empionat\u0131n\u0131n x\u00fcsusi dizaynla haz\u0131rlanm\u0131\u015f kubokunu n\u00fcmayi\u015f etdirib.<br>P\u00fc\u015fkatma m\u0259rasimind\u0259 ilk olaraq \u00e7\u0131x\u0131\u015f ed\u0259n D\u00fcnya Minifutbol Federasiyas\u0131n\u0131n preziddenti Filip Yuda \u00f6lk\u0259miz\u0259 p\u00fc\u015fkatma m\u0259rasiminin m\u00f6ht\u0259\u015f\u0259m t\u0259\u015fkilat\u00e7\u0131l\u0131\u011f\u0131na g\u00f6r\u0259 \u00f6z minn\u0259tdarl\u0131\u011f\u0131n\u0131 bildirib. O, mundial\u0131n da y\u00fcks\u0259k s\u0259viyy\u0259d\u0259 ke\u00e7iril\u0259c\u0259yin\u0259 \u0259minliyini ifad\u0259 etdi.<br>G\u0259ncl\u0259r v\u0259 \u0130dman Naziri F\u0259rid Qay\u0131bov Az\u0259rbaycanda idman\u0131n b\u00fct\u00fcn n\u00f6vl\u0259rinin sevildiyini v\u0259 minifutbolun \u00e7ox populyar oldu\u011funu a\u00e7\u0131qlad\u0131. \u00d6lk\u0259mizin b\u00f6y\u00fck idman yar\u0131\u015flar\u0131na ev sahibliyi etdiyini dey\u0259n nazir minifutbol \u00fczr\u0259 d\u00fcnya \u00e7empionat\u0131n\u0131n Az\u0259rbaycana h\u0259val\u0259 olunmas\u0131n\u0131n t\u0259sad\u00fcfi olmad\u0131\u011f\u0131n\u0131 diqq\u0259t\u0259 \u00e7atd\u0131rd\u0131.<br>AFFA-n\u0131n prezidenti R\u00f6v\u015f\u0259n N\u0259c\u0259f is\u0259 \u00f6lk\u0259mizd\u0259 b\u00f6y\u00fck futbolla b\u0259rab\u0259r minifutbola da mara\u011f\u0131n getdikc\u0259 artd\u0131\u011f\u0131n\u0131 x\u00fcsusi olaraq qeyd etdi. Onun fikrinc\u0259 d\u00fcnya \u00e7empionat\u0131n\u0131n Bak\u0131da ke\u00e7irilm\u0259si bu idman n\u00f6v\u00fcn\u00fc daha da populyarla\u015fd\u0131racaq.<br>Az\u0259rbaycan Minifutbol Federasiyas\u0131n\u0131n prezidenti Orxan M\u0259mm\u0259dov d\u00fcnya \u00e7empionat\u0131n\u0131n \u00f6lk\u0259miz\u0259 h\u0259val\u0259 edilm\u0259sin\u0259 g\u00f6r\u0259 d\u00fcnya minifutbol federasiyas\u0131n\u0131n r\u0259hb\u0259rliyin\u0259 minn\u0259tdarl\u0131\u011f\u0131n\u0131 bildirdi. O, minifutbol \u00fczr\u0259 y\u0131\u011fma komandam\u0131z\u0131n Avropa \u00e7empionu olduqdan sonra bu idman n\u00f6v\u00fcn\u0259 mara\u011f\u0131n xeyli artd\u0131\u011f\u0131n\u0131 bildirdi. Orxan M\u0259mm\u0259dov prezident \u0130lham \u018fliyevin Avropa \u00e7empionat\u0131ndan sonra millimizin \u00fczvl\u0259rini q\u0259bul etm\u0259sini onlara \u0259lav\u0259 stimul verdiyini diqq\u0259t\u0259 \u00e7atd\u0131raraq bu amilin d\u00fcnya \u00e7empionat\u0131n\u0131n t\u0259\u015fkilat\u00e7\u0131l\u0131\u011f\u0131nda ciddi rol oynad\u0131\u011f\u0131n\u0131 a\u00e7\u0131qlad\u0131.<br>Daha sonra p\u00fc\u015fkatma m\u0259rasimi ba\u015flad\u0131. P\u00fc\u015fk\u00fc \u00e7\u0131xaranlar aras\u0131nda \u201cQaraba\u011f\u201d\u0131n ba\u015f m\u0259\u015fq\u00e7isi Qurban Qurbanov, millimizin ke\u00e7mi\u015f kapitan\u0131 R\u0259\u015fad Sad\u0131qov, minifutbol \u00fczr\u0259 Az\u0259rbaycan millisinin ke\u00e7mi\u015f kapitan\u0131 Seymur M\u0259mm\u0259dov, \u00f6lk\u0259miz\u0259 x\u00fcsusi olaraq d\u0259v\u0259t olunan ulduz futbol\u00e7u Lui\u015f Nani d\u0259 var idi.<br>Qeyd ed\u0259k ki, p\u00fc\u015fk\u00fcn n\u0259tic\u0259l\u0259rin\u0259 \u0259sas\u0259n milli komandam\u0131z A qrupunda m\u00fcbariz\u0259 aparacaq. Buradak\u0131 r\u0259qibl\u0259rimiz Mavritaniya, Sloveniya v\u0259 B\u0259hreyn millil\u0259ri olacaq.<br>Minifutbol \u00fczr\u0259 d\u00fcnya \u00e7empionat\u0131 may\u0131n 21-d\u0259n iyunun 1-n\u0259 q\u0259d\u0259r Milli Gimnastika arenas\u0131nda ke\u00e7iril\u0259c\u0259k. Mundial\u0131n ekskl\u00fcziv yay\u0131m h\u00fcququ \u0130DMAN TV-y\u0259 m\u0259xsusdur.<\/p>\n\n\n\n<figure class=\"wp-block-image size-full\"><img fetchpriority=\"high\" decoding=\"async\" width=\"526\" height=\"526\" src=\"https:\/\/minifootball.az\/mini\/wp-content\/uploads\/2025\/03\/QRUPLAR.jpg\" alt=\"\" class=\"wp-image-2428\" srcset=\"https:\/\/minifootball.az\/mini\/wp-content\/uploads\/2025\/03\/QRUPLAR.jpg 526w, https:\/\/minifootball.az\/mini\/wp-content\/uploads\/2025\/03\/QRUPLAR-300x300.jpg 300w, https:\/\/minifootball.az\/mini\/wp-content\/uploads\/2025\/03\/QRUPLAR-150x150.jpg 150w, https:\/\/minifootball.az\/mini\/wp-content\/uploads\/2025\/03\/QRUPLAR-75x75.jpg 75w\" sizes=\"(max-width: 526px) 100vw, 526px\" \/><\/figure>\n\n\n\n<figure class=\"wp-block-image size-large\"><img decoding=\"async\" width=\"1024\" height=\"1024\" src=\"https:\/\/minifootball.az\/mini\/wp-content\/uploads\/2025\/03\/YENI-2-1-1024x1024.jpg\" alt=\"\" class=\"wp-image-2431\" srcset=\"https:\/\/minifootball.az\/mini\/wp-content\/uploads\/2025\/03\/YENI-2-1-1024x1024.jpg 1024w, https:\/\/minifootball.az\/mini\/wp-content\/uploads\/2025\/03\/YENI-2-1-300x300.jpg 300w, https:\/\/minifootball.az\/mini\/wp-content\/uploads\/2025\/03\/YENI-2-1-150x150.jpg 150w, https:\/\/minifootball.az\/mini\/wp-content\/uploads\/2025\/03\/YENI-2-1-768x768.jpg 768w, https:\/\/minifootball.az\/mini\/wp-content\/uploads\/2025\/03\/YENI-2-1-1536x1536.jpg 1536w, https:\/\/minifootball.az\/mini\/wp-content\/uploads\/2025\/03\/YENI-2-1-75x75.jpg 75w, https:\/\/minifootball.az\/mini\/wp-content\/uploads\/2025\/03\/YENI-2-1.jpg 1920w\" sizes=\"(max-width: 1024px) 100vw, 1024px\" \/><\/figure>\n\n\n\n<figure class=\"wp-block-image size-large\"><img decoding=\"async\" width=\"1024\" height=\"1024\" src=\"https:\/\/minifootball.az\/mini\/wp-content\/uploads\/2025\/03\/YENI-3-1024x1024.jpg\" alt=\"\" class=\"wp-image-2432\" srcset=\"https:\/\/minifootball.az\/mini\/wp-content\/uploads\/2025\/03\/YENI-3-1024x1024.jpg 1024w, https:\/\/minifootball.az\/mini\/wp-content\/uploads\/2025\/03\/YENI-3-300x300.jpg 300w, https:\/\/minifootball.az\/mini\/wp-content\/uploads\/2025\/03\/YENI-3-150x150.jpg 150w, https:\/\/minifootball.az\/mini\/wp-content\/uploads\/2025\/03\/YENI-3-768x768.jpg 768w, https:\/\/minifootball.az\/mini\/wp-content\/uploads\/2025\/03\/YENI-3-1536x1536.jpg 1536w, https:\/\/minifootball.az\/mini\/wp-content\/uploads\/2025\/03\/YENI-3-75x75.jpg 75w, https:\/\/minifootball.az\/mini\/wp-content\/uploads\/2025\/03\/YENI-3.jpg 1920w\" sizes=\"(max-width: 1024px) 100vw, 1024px\" \/><\/figure>\n\n\n\n<figure class=\"wp-block-image size-large\"><img loading=\"lazy\" decoding=\"async\" width=\"1024\" height=\"1024\" src=\"https:\/\/minifootball.az\/mini\/wp-content\/uploads\/2025\/03\/YENI-4-1024x1024.jpg\" alt=\"\" class=\"wp-image-2433\" srcset=\"https:\/\/minifootball.az\/mini\/wp-content\/uploads\/2025\/03\/YENI-4-1024x1024.jpg 1024w, https:\/\/minifootball.az\/mini\/wp-content\/uploads\/2025\/03\/YENI-4-300x300.jpg 300w, https:\/\/minifootball.az\/mini\/wp-content\/uploads\/2025\/03\/YENI-4-150x150.jpg 150w, https:\/\/minifootball.az\/mini\/wp-content\/uploads\/2025\/03\/YENI-4-768x768.jpg 768w, https:\/\/minifootball.az\/mini\/wp-content\/uploads\/2025\/03\/YENI-4-1536x1536.jpg 1536w, https:\/\/minifootball.az\/mini\/wp-content\/uploads\/2025\/03\/YENI-4-75x75.jpg 75w, https:\/\/minifootball.az\/mini\/wp-content\/uploads\/2025\/03\/YENI-4.jpg 1920w\" sizes=\"(max-width: 1024px) 100vw, 1024px\" \/><\/figure>\n\n\n\n<figure class=\"wp-block-image size-large\"><img loading=\"lazy\" decoding=\"async\" width=\"1024\" height=\"1024\" src=\"https:\/\/minifootball.az\/mini\/wp-content\/uploads\/2025\/03\/YENI-5-1024x1024.jpg\" alt=\"\" class=\"wp-image-2434\" srcset=\"https:\/\/minifootball.az\/mini\/wp-content\/uploads\/2025\/03\/YENI-5-1024x1024.jpg 1024w, https:\/\/minifootball.az\/mini\/wp-content\/uploads\/2025\/03\/YENI-5-300x300.jpg 300w, https:\/\/minifootball.az\/mini\/wp-content\/uploads\/2025\/03\/YENI-5-150x150.jpg 150w, https:\/\/minifootball.az\/mini\/wp-content\/uploads\/2025\/03\/YENI-5-768x768.jpg 768w, https:\/\/minifootball.az\/mini\/wp-content\/uploads\/2025\/03\/YENI-5-1536x1536.jpg 1536w, https:\/\/minifootball.az\/mini\/wp-content\/uploads\/2025\/03\/YENI-5-75x75.jpg 75w, https:\/\/minifootball.az\/mini\/wp-content\/uploads\/2025\/03\/YENI-5.jpg 1920w\" sizes=\"(max-width: 1024px) 100vw, 1024px\" \/><\/figure>\n\n\n\n<figure class=\"wp-block-image size-large\"><img loading=\"lazy\" decoding=\"async\" width=\"1024\" height=\"1024\" src=\"https:\/\/minifootball.az\/mini\/wp-content\/uploads\/2025\/03\/YENI-6-1024x1024.jpg\" alt=\"\" class=\"wp-image-2435\" srcset=\"https:\/\/minifootball.az\/mini\/wp-content\/uploads\/2025\/03\/YENI-6-1024x1024.jpg 1024w, https:\/\/minifootball.az\/mini\/wp-content\/uploads\/2025\/03\/YENI-6-300x300.jpg 300w, https:\/\/minifootball.az\/mini\/wp-content\/uploads\/2025\/03\/YENI-6-150x150.jpg 150w, https:\/\/minifootball.az\/mini\/wp-content\/uploads\/2025\/03\/YENI-6-768x768.jpg 768w, https:\/\/minifootball.az\/mini\/wp-content\/uploads\/2025\/03\/YENI-6-1536x1536.jpg 1536w, https:\/\/minifootball.az\/mini\/wp-content\/uploads\/2025\/03\/YENI-6-75x75.jpg 75w, https:\/\/minifootball.az\/mini\/wp-content\/uploads\/2025\/03\/YENI-6.jpg 1920w\" sizes=\"(max-width: 1024px) 100vw, 1024px\" \/><\/figure>\n\n\n\n<figure class=\"wp-block-image size-large\"><img loading=\"lazy\" decoding=\"async\" width=\"1024\" height=\"1024\" src=\"https:\/\/minifootball.az\/mini\/wp-content\/uploads\/2025\/03\/YENI-7-1024x1024.jpg\" alt=\"\" class=\"wp-image-2436\" srcset=\"https:\/\/minifootball.az\/mini\/wp-content\/uploads\/2025\/03\/YENI-7-1024x1024.jpg 1024w, https:\/\/minifootball.az\/mini\/wp-content\/uploads\/2025\/03\/YENI-7-300x300.jpg 300w, https:\/\/minifootball.az\/mini\/wp-content\/uploads\/2025\/03\/YENI-7-150x150.jpg 150w, https:\/\/minifootball.az\/mini\/wp-content\/uploads\/2025\/03\/YENI-7-768x768.jpg 768w, https:\/\/minifootball.az\/mini\/wp-content\/uploads\/2025\/03\/YENI-7-1536x1536.jpg 1536w, https:\/\/minifootball.az\/mini\/wp-content\/uploads\/2025\/03\/YENI-7-75x75.jpg 75w, https:\/\/minifootball.az\/mini\/wp-content\/uploads\/2025\/03\/YENI-7.jpg 1920w\" sizes=\"(max-width: 1024px) 100vw, 1024px\" \/><\/figure>\n\n\n\n<figure class=\"wp-block-image size-large\"><img loading=\"lazy\" decoding=\"async\" width=\"1024\" height=\"1024\" src=\"https:\/\/minifootball.az\/mini\/wp-content\/uploads\/2025\/03\/YENI-8-1024x1024.jpg\" alt=\"\" class=\"wp-image-2437\" srcset=\"https:\/\/minifootball.az\/mini\/wp-content\/uploads\/2025\/03\/YENI-8-1024x1024.jpg 1024w, https:\/\/minifootball.az\/mini\/wp-content\/uploads\/2025\/03\/YENI-8-300x300.jpg 300w, https:\/\/minifootball.az\/mini\/wp-content\/uploads\/2025\/03\/YENI-8-150x150.jpg 150w, https:\/\/minifootball.az\/mini\/wp-content\/uploads\/2025\/03\/YENI-8-768x768.jpg 768w, https:\/\/minifootball.az\/mini\/wp-content\/uploads\/2025\/03\/YENI-8-1536x1536.jpg 1536w, https:\/\/minifootball.az\/mini\/wp-content\/uploads\/2025\/03\/YENI-8-75x75.jpg 75w, https:\/\/minifootball.az\/mini\/wp-content\/uploads\/2025\/03\/YENI-8.jpg 1920w\" sizes=\"(max-width: 1024px) 100vw, 1024px\" \/><\/figure>\n\n\n\n<figure class=\"wp-block-image size-large\"><img loading=\"lazy\" decoding=\"async\" width=\"1024\" height=\"1024\" src=\"https:\/\/minifootball.az\/mini\/wp-content\/uploads\/2025\/03\/YENI-10-1024x1024.jpg\" alt=\"\" class=\"wp-image-2438\" srcset=\"https:\/\/minifootball.az\/mini\/wp-content\/uploads\/2025\/03\/YENI-10-1024x1024.jpg 1024w, https:\/\/minifootball.az\/mini\/wp-content\/uploads\/2025\/03\/YENI-10-300x300.jpg 300w, https:\/\/minifootball.az\/mini\/wp-content\/uploads\/2025\/03\/YENI-10-150x150.jpg 150w, https:\/\/minifootball.az\/mini\/wp-content\/uploads\/2025\/03\/YENI-10-768x768.jpg 768w, https:\/\/minifootball.az\/mini\/wp-content\/uploads\/2025\/03\/YENI-10-1536x1536.jpg 1536w, https:\/\/minifootball.az\/mini\/wp-content\/uploads\/2025\/03\/YENI-10-75x75.jpg 75w, https:\/\/minifootball.az\/mini\/wp-content\/uploads\/2025\/03\/YENI-10.jpg 1920w\" sizes=\"(max-width: 1024px) 100vw, 1024px\" \/><\/figure>\n\n\n\n<figure class=\"wp-block-image size-large\"><img loading=\"lazy\" decoding=\"async\" width=\"1024\" height=\"1024\" src=\"https:\/\/minifootball.az\/mini\/wp-content\/uploads\/2025\/03\/YENI-11-1024x1024.jpg\" alt=\"\" class=\"wp-image-2440\" srcset=\"https:\/\/minifootball.az\/mini\/wp-content\/uploads\/2025\/03\/YENI-11-1024x1024.jpg 1024w, https:\/\/minifootball.az\/mini\/wp-content\/uploads\/2025\/03\/YENI-11-300x300.jpg 300w, https:\/\/minifootball.az\/mini\/wp-content\/uploads\/2025\/03\/YENI-11-150x150.jpg 150w, https:\/\/minifootball.az\/mini\/wp-content\/uploads\/2025\/03\/YENI-11-768x768.jpg 768w, https:\/\/minifootball.az\/mini\/wp-content\/uploads\/2025\/03\/YENI-11-1536x1536.jpg 1536w, https:\/\/minifootball.az\/mini\/wp-content\/uploads\/2025\/03\/YENI-11-75x75.jpg 75w, https:\/\/minifootball.az\/mini\/wp-content\/uploads\/2025\/03\/YENI-11.jpg 1920w\" sizes=\"(max-width: 1024px) 100vw, 1024px\" \/><\/figure>\n\n\n\n<figure class=\"wp-block-image size-large\"><img loading=\"lazy\" decoding=\"async\" width=\"1024\" height=\"1024\" src=\"https:\/\/minifootball.az\/mini\/wp-content\/uploads\/2025\/03\/YENI-12-1024x1024.jpg\" alt=\"\" class=\"wp-image-2441\" srcset=\"https:\/\/minifootball.az\/mini\/wp-content\/uploads\/2025\/03\/YENI-12-1024x1024.jpg 1024w, https:\/\/minifootball.az\/mini\/wp-content\/uploads\/2025\/03\/YENI-12-300x300.jpg 300w, https:\/\/minifootball.az\/mini\/wp-content\/uploads\/2025\/03\/YENI-12-150x150.jpg 150w, https:\/\/minifootball.az\/mini\/wp-content\/uploads\/2025\/03\/YENI-12-768x768.jpg 768w, https:\/\/minifootball.az\/mini\/wp-content\/uploads\/2025\/03\/YENI-12-1536x1536.jpg 1536w, https:\/\/minifootball.az\/mini\/wp-content\/uploads\/2025\/03\/YENI-12-75x75.jpg 75w, https:\/\/minifootball.az\/mini\/wp-content\/uploads\/2025\/03\/YENI-12.jpg 1920w\" sizes=\"(max-width: 1024px) 100vw, 1024px\" \/><\/figure>\n\n\n\n<figure class=\"wp-block-image size-large\"><img loading=\"lazy\" decoding=\"async\" width=\"1024\" height=\"1024\" src=\"https:\/\/minifootball.az\/mini\/wp-content\/uploads\/2025\/03\/YENI-13-1024x1024.jpg\" alt=\"\" class=\"wp-image-2442\" srcset=\"https:\/\/minifootball.az\/mini\/wp-content\/uploads\/2025\/03\/YENI-13-1024x1024.jpg 1024w, https:\/\/minifootball.az\/mini\/wp-content\/uploads\/2025\/03\/YENI-13-300x300.jpg 300w, https:\/\/minifootball.az\/mini\/wp-content\/uploads\/2025\/03\/YENI-13-150x150.jpg 150w, https:\/\/minifootball.az\/mini\/wp-content\/uploads\/2025\/03\/YENI-13-768x768.jpg 768w, https:\/\/minifootball.az\/mini\/wp-content\/uploads\/2025\/03\/YENI-13-1536x1536.jpg 1536w, https:\/\/minifootball.az\/mini\/wp-content\/uploads\/2025\/03\/YENI-13-75x75.jpg 75w, https:\/\/minifootball.az\/mini\/wp-content\/uploads\/2025\/03\/YENI-13.jpg 1920w\" sizes=\"(max-width: 1024px) 100vw, 1024px\" \/><\/figure>\n\n\n\n<figure class=\"wp-block-image size-large\"><img loading=\"lazy\" decoding=\"async\" width=\"1024\" height=\"1024\" src=\"https:\/\/minifootball.az\/mini\/wp-content\/uploads\/2025\/03\/YENI-14-1024x1024.jpg\" alt=\"\" class=\"wp-image-2443\" srcset=\"https:\/\/minifootball.az\/mini\/wp-content\/uploads\/2025\/03\/YENI-14-1024x1024.jpg 1024w, https:\/\/minifootball.az\/mini\/wp-content\/uploads\/2025\/03\/YENI-14-300x300.jpg 300w, https:\/\/minifootball.az\/mini\/wp-content\/uploads\/2025\/03\/YENI-14-150x150.jpg 150w, https:\/\/minifootball.az\/mini\/wp-content\/uploads\/2025\/03\/YENI-14-768x768.jpg 768w, https:\/\/minifootball.az\/mini\/wp-content\/uploads\/2025\/03\/YENI-14-1536x1536.jpg 1536w, https:\/\/minifootball.az\/mini\/wp-content\/uploads\/2025\/03\/YENI-14-75x75.jpg 75w, https:\/\/minifootball.az\/mini\/wp-content\/uploads\/2025\/03\/YENI-14.jpg 1920w\" sizes=\"(max-width: 1024px) 100vw, 1024px\" \/><\/figure>\n\n\n\n<figure class=\"wp-block-image size-large\"><img loading=\"lazy\" decoding=\"async\" width=\"1024\" height=\"1024\" src=\"https:\/\/minifootball.az\/mini\/wp-content\/uploads\/2025\/03\/YENI-15-1024x1024.jpg\" alt=\"\" class=\"wp-image-2444\" srcset=\"https:\/\/minifootball.az\/mini\/wp-content\/uploads\/2025\/03\/YENI-15-1024x1024.jpg 1024w, https:\/\/minifootball.az\/mini\/wp-content\/uploads\/2025\/03\/YENI-15-300x300.jpg 300w, https:\/\/minifootball.az\/mini\/wp-content\/uploads\/2025\/03\/YENI-15-150x150.jpg 150w, https:\/\/minifootball.az\/mini\/wp-content\/uploads\/2025\/03\/YENI-15-768x768.jpg 768w, https:\/\/minifootball.az\/mini\/wp-content\/uploads\/2025\/03\/YENI-15-1536x1536.jpg 1536w, https:\/\/minifootball.az\/mini\/wp-content\/uploads\/2025\/03\/YENI-15-75x75.jpg 75w, https:\/\/minifootball.az\/mini\/wp-content\/uploads\/2025\/03\/YENI-15.jpg 1920w\" sizes=\"(max-width: 1024px) 100vw, 1024px\" \/><\/figure>\n\n\n\n<figure class=\"wp-block-image size-large\"><img loading=\"lazy\" decoding=\"async\" width=\"1024\" height=\"1024\" src=\"https:\/\/minifootball.az\/mini\/wp-content\/uploads\/2025\/03\/YENI-16-1024x1024.jpg\" alt=\"\" class=\"wp-image-2445\" srcset=\"https:\/\/minifootball.az\/mini\/wp-content\/uploads\/2025\/03\/YENI-16-1024x1024.jpg 1024w, https:\/\/minifootball.az\/mini\/wp-content\/uploads\/2025\/03\/YENI-16-300x300.jpg 300w, https:\/\/minifootball.az\/mini\/wp-content\/uploads\/2025\/03\/YENI-16-150x150.jpg 150w, https:\/\/minifootball.az\/mini\/wp-content\/uploads\/2025\/03\/YENI-16-768x768.jpg 768w, https:\/\/minifootball.az\/mini\/wp-content\/uploads\/2025\/03\/YENI-16-1536x1536.jpg 1536w, https:\/\/minifootball.az\/mini\/wp-content\/uploads\/2025\/03\/YENI-16-75x75.jpg 75w, https:\/\/minifootball.az\/mini\/wp-content\/uploads\/2025\/03\/YENI-16.jpg 1920w\" sizes=\"(max-width: 1024px) 100vw, 1024px\" \/><\/figure>\n\n\n\n<figure class=\"wp-block-image size-large\"><img loading=\"lazy\" decoding=\"async\" width=\"1024\" height=\"1024\" src=\"https:\/\/minifootball.az\/mini\/wp-content\/uploads\/2025\/03\/YENI-17-1024x1024.jpg\" alt=\"\" class=\"wp-image-2446\" srcset=\"https:\/\/minifootball.az\/mini\/wp-content\/uploads\/2025\/03\/YENI-17-1024x1024.jpg 1024w, https:\/\/minifootball.az\/mini\/wp-content\/uploads\/2025\/03\/YENI-17-300x300.jpg 300w, https:\/\/minifootball.az\/mini\/wp-content\/uploads\/2025\/03\/YENI-17-150x150.jpg 150w, https:\/\/minifootball.az\/mini\/wp-content\/uploads\/2025\/03\/YENI-17-768x768.jpg 768w, https:\/\/minifootball.az\/mini\/wp-content\/uploads\/2025\/03\/YENI-17-1536x1536.jpg 1536w, https:\/\/minifootball.az\/mini\/wp-content\/uploads\/2025\/03\/YENI-17-75x75.jpg 75w, https:\/\/minifootball.az\/mini\/wp-content\/uploads\/2025\/03\/YENI-17.jpg 1920w\" sizes=\"(max-width: 1024px) 100vw, 1024px\" \/><\/figure>\n\n\n\n<figure class=\"wp-block-image size-large\"><img loading=\"lazy\" decoding=\"async\" width=\"1024\" height=\"1024\" src=\"https:\/\/minifootball.az\/mini\/wp-content\/uploads\/2025\/03\/YENI-18-1024x1024.jpg\" alt=\"\" class=\"wp-image-2447\" srcset=\"https:\/\/minifootball.az\/mini\/wp-content\/uploads\/2025\/03\/YENI-18-1024x1024.jpg 1024w, https:\/\/minifootball.az\/mini\/wp-content\/uploads\/2025\/03\/YENI-18-300x300.jpg 300w, https:\/\/minifootball.az\/mini\/wp-content\/uploads\/2025\/03\/YENI-18-150x150.jpg 150w, https:\/\/minifootball.az\/mini\/wp-content\/uploads\/2025\/03\/YENI-18-768x768.jpg 768w, https:\/\/minifootball.az\/mini\/wp-content\/uploads\/2025\/03\/YENI-18-1536x1536.jpg 1536w, https:\/\/minifootball.az\/mini\/wp-content\/uploads\/2025\/03\/YENI-18-75x75.jpg 75w, https:\/\/minifootball.az\/mini\/wp-content\/uploads\/2025\/03\/YENI-18.jpg 1920w\" sizes=\"(max-width: 1024px) 100vw, 1024px\" \/><\/figure>\n\n\n\n<figure class=\"wp-block-image size-large\"><img loading=\"lazy\" decoding=\"async\" width=\"1024\" height=\"1024\" src=\"https:\/\/minifootball.az\/mini\/wp-content\/uploads\/2025\/03\/YENI-19-1024x1024.jpg\" alt=\"\" class=\"wp-image-2448\" srcset=\"https:\/\/minifootball.az\/mini\/wp-content\/uploads\/2025\/03\/YENI-19-1024x1024.jpg 1024w, https:\/\/minifootball.az\/mini\/wp-content\/uploads\/2025\/03\/YENI-19-300x300.jpg 300w, https:\/\/minifootball.az\/mini\/wp-content\/uploads\/2025\/03\/YENI-19-150x150.jpg 150w, https:\/\/minifootball.az\/mini\/wp-content\/uploads\/2025\/03\/YENI-19-768x768.jpg 768w, https:\/\/minifootball.az\/mini\/wp-content\/uploads\/2025\/03\/YENI-19-1536x1536.jpg 1536w, https:\/\/minifootball.az\/mini\/wp-content\/uploads\/2025\/03\/YENI-19-75x75.jpg 75w, https:\/\/minifootball.az\/mini\/wp-content\/uploads\/2025\/03\/YENI-19.jpg 1920w\" sizes=\"(max-width: 1024px) 100vw, 1024px\" \/><\/figure>\n\n\n\n<figure class=\"wp-block-image size-large\"><img loading=\"lazy\" decoding=\"async\" width=\"1024\" height=\"1024\" src=\"https:\/\/minifootball.az\/mini\/wp-content\/uploads\/2025\/03\/YENI-20-1024x1024.jpg\" alt=\"\" class=\"wp-image-2449\" srcset=\"https:\/\/minifootball.az\/mini\/wp-content\/uploads\/2025\/03\/YENI-20-1024x1024.jpg 1024w, https:\/\/minifootball.az\/mini\/wp-content\/uploads\/2025\/03\/YENI-20-300x300.jpg 300w, https:\/\/minifootball.az\/mini\/wp-content\/uploads\/2025\/03\/YENI-20-150x150.jpg 150w, https:\/\/minifootball.az\/mini\/wp-content\/uploads\/2025\/03\/YENI-20-768x768.jpg 768w, https:\/\/minifootball.az\/mini\/wp-content\/uploads\/2025\/03\/YENI-20-1536x1536.jpg 1536w, https:\/\/minifootball.az\/mini\/wp-content\/uploads\/2025\/03\/YENI-20-75x75.jpg 75w, https:\/\/minifootball.az\/mini\/wp-content\/uploads\/2025\/03\/YENI-20.jpg 1920w\" sizes=\"(max-width: 1024px) 100vw, 1024px\" \/><\/figure>\n\n\n\n<figure class=\"wp-block-image size-large\"><img loading=\"lazy\" decoding=\"async\" width=\"1024\" height=\"1024\" src=\"https:\/\/minifootball.az\/mini\/wp-content\/uploads\/2025\/03\/YENI-21-1024x1024.jpg\" alt=\"\" class=\"wp-image-2450\" srcset=\"https:\/\/minifootball.az\/mini\/wp-content\/uploads\/2025\/03\/YENI-21-1024x1024.jpg 1024w, https:\/\/minifootball.az\/mini\/wp-content\/uploads\/2025\/03\/YENI-21-300x300.jpg 300w, https:\/\/minifootball.az\/mini\/wp-content\/uploads\/2025\/03\/YENI-21-150x150.jpg 150w, https:\/\/minifootball.az\/mini\/wp-content\/uploads\/2025\/03\/YENI-21-768x768.jpg 768w, https:\/\/minifootball.az\/mini\/wp-content\/uploads\/2025\/03\/YENI-21-1536x1536.jpg 1536w, https:\/\/minifootball.az\/mini\/wp-content\/uploads\/2025\/03\/YENI-21-75x75.jpg 75w, https:\/\/minifootball.az\/mini\/wp-content\/uploads\/2025\/03\/YENI-21.jpg 1920w\" sizes=\"(max-width: 1024px) 100vw, 1024px\" \/><\/figure>\n\n\n\n<figure class=\"wp-block-image size-large\"><img loading=\"lazy\" decoding=\"async\" width=\"1024\" height=\"1024\" src=\"https:\/\/minifootball.az\/mini\/wp-content\/uploads\/2025\/03\/YENI-22-1024x1024.jpg\" alt=\"\" class=\"wp-image-2451\" srcset=\"https:\/\/minifootball.az\/mini\/wp-content\/uploads\/2025\/03\/YENI-22-1024x1024.jpg 1024w, https:\/\/minifootball.az\/mini\/wp-content\/uploads\/2025\/03\/YENI-22-300x300.jpg 300w, https:\/\/minifootball.az\/mini\/wp-content\/uploads\/2025\/03\/YENI-22-150x150.jpg 150w, https:\/\/minifootball.az\/mini\/wp-content\/uploads\/2025\/03\/YENI-22-768x768.jpg 768w, https:\/\/minifootball.az\/mini\/wp-content\/uploads\/2025\/03\/YENI-22-1536x1536.jpg 1536w, https:\/\/minifootball.az\/mini\/wp-content\/uploads\/2025\/03\/YENI-22-75x75.jpg 75w, https:\/\/minifootball.az\/mini\/wp-content\/uploads\/2025\/03\/YENI-22.jpg 1920w\" sizes=\"(max-width: 1024px) 100vw, 1024px\" \/><\/figure>\n\n\n\n<figure class=\"wp-block-image size-large\"><img loading=\"lazy\" decoding=\"async\" width=\"1024\" height=\"1024\" src=\"https:\/\/minifootball.az\/mini\/wp-content\/uploads\/2025\/03\/YENI-23-1024x1024.jpg\" alt=\"\" class=\"wp-image-2452\" srcset=\"https:\/\/minifootball.az\/mini\/wp-content\/uploads\/2025\/03\/YENI-23-1024x1024.jpg 1024w, https:\/\/minifootball.az\/mini\/wp-content\/uploads\/2025\/03\/YENI-23-300x300.jpg 300w, https:\/\/minifootball.az\/mini\/wp-content\/uploads\/2025\/03\/YENI-23-150x150.jpg 150w, https:\/\/minifootball.az\/mini\/wp-content\/uploads\/2025\/03\/YENI-23-768x768.jpg 768w, https:\/\/minifootball.az\/mini\/wp-content\/uploads\/2025\/03\/YENI-23-1536x1536.jpg 1536w, https:\/\/minifootball.az\/mini\/wp-content\/uploads\/2025\/03\/YENI-23-75x75.jpg 75w, https:\/\/minifootball.az\/mini\/wp-content\/uploads\/2025\/03\/YENI-23.jpg 1920w\" sizes=\"(max-width: 1024px) 100vw, 1024px\" \/><\/figure>\n\n\n\n<figure class=\"wp-block-image size-large\"><img loading=\"lazy\" decoding=\"async\" width=\"1024\" height=\"1024\" src=\"https:\/\/minifootball.az\/mini\/wp-content\/uploads\/2025\/03\/YENI-24-1024x1024.jpg\" alt=\"\" class=\"wp-image-2453\" srcset=\"https:\/\/minifootball.az\/mini\/wp-content\/uploads\/2025\/03\/YENI-24-1024x1024.jpg 1024w, https:\/\/minifootball.az\/mini\/wp-content\/uploads\/2025\/03\/YENI-24-300x300.jpg 300w, https:\/\/minifootball.az\/mini\/wp-content\/uploads\/2025\/03\/YENI-24-150x150.jpg 150w, https:\/\/minifootball.az\/mini\/wp-content\/uploads\/2025\/03\/YENI-24-768x768.jpg 768w, https:\/\/minifootball.az\/mini\/wp-content\/uploads\/2025\/03\/YENI-24-1536x1536.jpg 1536w, https:\/\/minifootball.az\/mini\/wp-content\/uploads\/2025\/03\/YENI-24-75x75.jpg 75w, https:\/\/minifootball.az\/mini\/wp-content\/uploads\/2025\/03\/YENI-24.jpg 1920w\" sizes=\"(max-width: 1024px) 100vw, 1024px\" \/><\/figure>\n","protected":false},"excerpt":{"rendered":"<p>Bak\u0131da minifutbol \u00fczr\u0259 d\u00fcnya \u00e7empionat\u0131n\u0131n p\u00fc\u015fkatma m\u0259rasimi ke\u00e7irilib. T\u0259dbird\u0259n \u00f6nc\u0259 Az\u0259rbaycan Respublikas\u0131n\u0131n D\u00f6vl\u0259t Himni s\u0259sl\u0259ndirilib. Daha sonra d\u00fcnya \u00e7empionat\u0131 il\u0259 ba\u011fl\u0131 video\u00e7arx n\u00fcmayi\u015f olunub. Milli komandam\u0131z\u0131n sabiq kapitan\u0131 Seymur M\u0259mm\u0259dov d\u00fcnya \u00e7empionat\u0131n\u0131n x\u00fcsusi dizaynla haz\u0131rlanm\u0131\u015f kubokunu n\u00fcmayi\u015f etdirib.P\u00fc\u015fkatma m\u0259rasimind\u0259 ilk olaraq \u00e7\u0131x\u0131\u015f ed\u0259n D\u00fcnya Minifutbol Federasiyas\u0131n\u0131n preziddenti Filip Yuda \u00f6lk\u0259miz\u0259 p\u00fc\u015fkatma m\u0259rasiminin m\u00f6ht\u0259\u015f\u0259m t\u0259\u015fkilat\u00e7\u0131l\u0131\u011f\u0131na g\u00f6r\u0259 \u00f6z minn\u0259tdarl\u0131\u011f\u0131n\u0131 bildirib. O, mundial\u0131n da y\u00fcks\u0259k s\u0259viyy\u0259d\u0259 ke\u00e7iril\u0259c\u0259yin\u0259 \u0259minliyini ifad\u0259 etdi.G\u0259ncl\u0259r v\u0259 \u0130dman Naziri F\u0259rid Qay\u0131bov Az\u0259rbaycanda idman\u0131n b\u00fct\u00fcn n\u00f6vl\u0259rinin sevildiyini v\u0259 minifutbolun \u00e7ox populyar oldu\u011funu a\u00e7\u0131qlad\u0131. \u00d6lk\u0259mizin b\u00f6y\u00fck idman yar\u0131\u015flar\u0131na ev sahibliyi etdiyini dey\u0259n nazir minifutbol \u00fczr\u0259 d\u00fcnya \u00e7empionat\u0131n\u0131n Az\u0259rbaycana h\u0259val\u0259 olunmas\u0131n\u0131n t\u0259sad\u00fcfi olmad\u0131\u011f\u0131n\u0131 diqq\u0259t\u0259 \u00e7atd\u0131rd\u0131.AFFA-n\u0131n prezidenti R\u00f6v\u015f\u0259n N\u0259c\u0259f is\u0259 \u00f6lk\u0259mizd\u0259 b\u00f6y\u00fck futbolla b\u0259rab\u0259r minifutbola da mara\u011f\u0131n getdikc\u0259 artd\u0131\u011f\u0131n\u0131 x\u00fcsusi olaraq qeyd etdi. Onun fikrinc\u0259 d\u00fcnya \u00e7empionat\u0131n\u0131n Bak\u0131da ke\u00e7irilm\u0259si bu idman n\u00f6v\u00fcn\u00fc daha da populyarla\u015fd\u0131racaq.Az\u0259rbaycan Minifutbol Federasiyas\u0131n\u0131n prezidenti Orxan M\u0259mm\u0259dov d\u00fcnya \u00e7empionat\u0131n\u0131n \u00f6lk\u0259miz\u0259 h\u0259val\u0259 edilm\u0259sin\u0259 g\u00f6r\u0259 d\u00fcnya minifutbol federasiyas\u0131n\u0131n r\u0259hb\u0259rliyin\u0259 minn\u0259tdarl\u0131\u011f\u0131n\u0131 bildirdi. O, minifutbol \u00fczr\u0259 y\u0131\u011fma komandam\u0131z\u0131n Avropa \u00e7empionu olduqdan sonra bu idman n\u00f6v\u00fcn\u0259 mara\u011f\u0131n xeyli artd\u0131\u011f\u0131n\u0131 bildirdi. Orxan M\u0259mm\u0259dov prezident \u0130lham \u018fliyevin Avropa \u00e7empionat\u0131ndan sonra millimizin \u00fczvl\u0259rini q\u0259bul etm\u0259sini onlara \u0259lav\u0259 stimul verdiyini diqq\u0259t\u0259 \u00e7atd\u0131raraq bu amilin d\u00fcnya \u00e7empionat\u0131n\u0131n t\u0259\u015fkilat\u00e7\u0131l\u0131\u011f\u0131nda ciddi rol oynad\u0131\u011f\u0131n\u0131 a\u00e7\u0131qlad\u0131.Daha sonra p\u00fc\u015fkatma m\u0259rasimi ba\u015flad\u0131. P\u00fc\u015fk\u00fc \u00e7\u0131xaranlar aras\u0131nda \u201cQaraba\u011f\u201d\u0131n ba\u015f m\u0259\u015fq\u00e7isi Qurban Qurbanov, millimizin ke\u00e7mi\u015f kapitan\u0131 R\u0259\u015fad Sad\u0131qov, minifutbol \u00fczr\u0259 Az\u0259rbaycan millisinin ke\u00e7mi\u015f kapitan\u0131 Seymur M\u0259mm\u0259dov, \u00f6lk\u0259miz\u0259 x\u00fcsusi olaraq d\u0259v\u0259t olunan ulduz futbol\u00e7u Lui\u015f Nani d\u0259 var idi.Qeyd ed\u0259k ki, p\u00fc\u015fk\u00fcn n\u0259tic\u0259l\u0259rin\u0259 \u0259sas\u0259n milli komandam\u0131z A qrupunda m\u00fcbariz\u0259 aparacaq. Buradak\u0131 r\u0259qibl\u0259rimiz Mavritaniya, Sloveniya v\u0259 B\u0259hreyn millil\u0259ri olacaq.Minifutbol \u00fczr\u0259 d\u00fcnya \u00e7empionat\u0131 may\u0131n 21-d\u0259n iyunun 1-n\u0259 q\u0259d\u0259r Milli Gimnastika arenas\u0131nda ke\u00e7iril\u0259c\u0259k. Mundial\u0131n ekskl\u00fcziv yay\u0131m h\u00fcququ \u0130DMAN TV-y\u0259 m\u0259xsusdur.<\/p>\n","protected":false},"author":2,"featured_media":2430,"comment_status":"closed","ping_status":"closed","sticky":false,"template":"","format":"standard","meta":{"_siteseo_robots_primary_cat":"none","footnotes":""},"categories":[3],"tags":[],"class_list":["post-2425","post","type-post","status-publish","format-standard","has-post-thumbnail","hentry","category-xeberler"],"_links":{"self":[{"href":"https:\/\/minifootball.az\/mini\/index.php?rest_route=\/wp\/v2\/posts\/2425","targetHints":{"allow":["GET"]}}],"collection":[{"href":"https:\/\/minifootball.az\/mini\/index.php?rest_route=\/wp\/v2\/posts"}],"about":[{"href":"https:\/\/minifootball.az\/mini\/index.php?rest_route=\/wp\/v2\/types\/post"}],"author":[{"embeddable":true,"href":"https:\/\/minifootball.az\/mini\/index.php?rest_route=\/wp\/v2\/users\/2"}],"replies":[{"embeddable":true,"href":"https:\/\/minifootball.az\/mini\/index.php?rest_route=%2Fwp%2Fv2%2Fcomments&post=2425"}],"version-history":[{"count":1,"href":"https:\/\/minifootball.az\/mini\/index.php?rest_route=\/wp\/v2\/posts\/2425\/revisions"}],"predecessor-version":[{"id":2454,"href":"https:\/\/minifootball.az\/mini\/index.php?rest_route=\/wp\/v2\/posts\/2425\/revisions\/2454"}],"wp:featuredmedia":[{"embeddable":true,"href":"https:\/\/minifootball.az\/mini\/index.php?rest_route=\/wp\/v2\/media\/2430"}],"wp:attachment":[{"href":"https:\/\/minifootball.az\/mini\/index.php?rest_route=%2Fwp%2Fv2%2Fmedia&parent=2425"}],"wp:term":[{"taxonomy":"category","embeddable":true,"href":"https:\/\/minifootball.az\/mini\/index.php?rest_route=%2Fwp%2Fv2%2Fcategories&post=2425"},{"taxonomy":"post_tag","embeddable":true,"href":"https:\/\/minifootball.az\/mini\/index.php?rest_route=%2Fwp%2Fv2%2Ftags&post=2425"}],"curies":[{"name":"wp","href":"https:\/\/api.w.org\/{rel}","templated":true}]}}