{"id":2867,"date":"2025-06-01T23:51:44","date_gmt":"2025-06-01T19:51:44","guid":{"rendered":"https:\/\/minifootball.az\/mini\/?p=2867"},"modified":"2025-06-01T23:51:45","modified_gmt":"2025-06-01T19:51:45","slug":"millimizin-bas-mesqcisi-cox-gozel-qelebe-oldu","status":"publish","type":"post","link":"https:\/\/minifootball.az\/mini\/?p=2867","title":{"rendered":"M\u0130LL\u0130M\u0130Z\u0130N BA\u015e M\u018f\u015eQ\u00c7\u0130S\u0130: &#8220;\u00c7OX G\u00d6Z\u018fL Q\u018fL\u018fB\u018f OLDU&#8221;"},"content":{"rendered":"\n<p>&#8220;B\u00fct\u00fcn xalq\u0131m\u0131z\u0131 t\u0259brik edirik. \u00c7ox g\u00f6z\u0259l q\u0259l\u0259b\u0259 oldu&#8221;.<\/p>\n\n\n\n<p>Bunu minifutbol \u00fczr\u0259 d\u00fcnya \u00e7empionlu\u011funu qazanan Az\u0259rbaycan\u0131n millisinin ba\u015f m\u0259\u015fq\u00e7isi El\u015fad Quliyev deyib. O, Bak\u0131da ke\u00e7iril\u0259n d\u00fcnya \u00e7empionat\u0131nda Macar\u0131stan komandas\u0131na 4:2 hesab\u0131 il\u0259 qalib g\u0259ldikl\u0259ri final oyunundan sonra fikirl\u0259rini b\u00f6l\u00fc\u015f\u00fcb:<\/p>\n\n\n\n<p>&#8220;R\u0259hb\u0259rliyimizi, \u0259m\u0259yi ke\u00e7\u0259n h\u0259r k\u0259si t\u0259brik edirik. \u00c7ox m\u00f6ht\u0259\u015f\u0259m q\u0259l\u0259b\u0259dir. Bu hissl\u0259ri ya\u015famaq laz\u0131md\u0131r. Biz b\u00fct\u00fcn oyunlara templ\u0259 ba\u015flay\u0131r\u0131q. B\u0259z\u0259n son z\u0259rb\u0259miz al\u0131n\u0131rd\u0131, b\u0259z\u0259n al\u0131nm\u0131rd\u0131. Bu d\u0259f\u0259 h\u0259r \u015fey yax\u015f\u0131 oldu v\u0259 4 qolla qalib g\u0259ldik&#8221;.<\/p>\n","protected":false},"excerpt":{"rendered":"<p>&#8220;B\u00fct\u00fcn xalq\u0131m\u0131z\u0131 t\u0259brik edirik. \u00c7ox g\u00f6z\u0259l q\u0259l\u0259b\u0259 oldu&#8221;. Bunu minifutbol \u00fczr\u0259 d\u00fcnya \u00e7empionlu\u011funu qazanan Az\u0259rbaycan\u0131n millisinin ba\u015f m\u0259\u015fq\u00e7isi El\u015fad Quliyev deyib. O, Bak\u0131da ke\u00e7iril\u0259n d\u00fcnya \u00e7empionat\u0131nda Macar\u0131stan komandas\u0131na 4:2 hesab\u0131 il\u0259 qalib g\u0259ldikl\u0259ri final oyunundan sonra fikirl\u0259rini b\u00f6l\u00fc\u015f\u00fcb: &#8220;R\u0259hb\u0259rliyimizi, \u0259m\u0259yi ke\u00e7\u0259n h\u0259r k\u0259si t\u0259brik edirik. \u00c7ox m\u00f6ht\u0259\u015f\u0259m q\u0259l\u0259b\u0259dir. Bu hissl\u0259ri ya\u015famaq laz\u0131md\u0131r. Biz b\u00fct\u00fcn oyunlara templ\u0259 ba\u015flay\u0131r\u0131q. B\u0259z\u0259n son z\u0259rb\u0259miz al\u0131n\u0131rd\u0131, b\u0259z\u0259n al\u0131nm\u0131rd\u0131. Bu d\u0259f\u0259 h\u0259r \u015fey yax\u015f\u0131 oldu v\u0259 4 qolla qalib g\u0259ldik&#8221;.<\/p>\n","protected":false},"author":2,"featured_media":2870,"comment_status":"closed","ping_status":"closed","sticky":false,"template":"","format":"standard","meta":{"_siteseo_robots_primary_cat":"none","footnotes":""},"categories":[3],"tags":[],"class_list":["post-2867","post","type-post","status-publish","format-standard","has-post-thumbnail","hentry","category-xeberler"],"_links":{"self":[{"href":"https:\/\/minifootball.az\/mini\/index.php?rest_route=\/wp\/v2\/posts\/2867","targetHints":{"allow":["GET"]}}],"collection":[{"href":"https:\/\/minifootball.az\/mini\/index.php?rest_route=\/wp\/v2\/posts"}],"about":[{"href":"https:\/\/minifootball.az\/mini\/index.php?rest_route=\/wp\/v2\/types\/post"}],"author":[{"embeddable":true,"href":"https:\/\/minifootball.az\/mini\/index.php?rest_route=\/wp\/v2\/users\/2"}],"replies":[{"embeddable":true,"href":"https:\/\/minifootball.az\/mini\/index.php?rest_route=%2Fwp%2Fv2%2Fcomments&post=2867"}],"version-history":[{"count":1,"href":"https:\/\/minifootball.az\/mini\/index.php?rest_route=\/wp\/v2\/posts\/2867\/revisions"}],"predecessor-version":[{"id":2871,"href":"https:\/\/minifootball.az\/mini\/index.php?rest_route=\/wp\/v2\/posts\/2867\/revisions\/2871"}],"wp:featuredmedia":[{"embeddable":true,"href":"https:\/\/minifootball.az\/mini\/index.php?rest_route=\/wp\/v2\/media\/2870"}],"wp:attachment":[{"href":"https:\/\/minifootball.az\/mini\/index.php?rest_route=%2Fwp%2Fv2%2Fmedia&parent=2867"}],"wp:term":[{"taxonomy":"category","embeddable":true,"href":"https:\/\/minifootball.az\/mini\/index.php?rest_route=%2Fwp%2Fv2%2Fcategories&post=2867"},{"taxonomy":"post_tag","embeddable":true,"href":"https:\/\/minifootball.az\/mini\/index.php?rest_route=%2Fwp%2Fv2%2Ftags&post=2867"}],"curies":[{"name":"wp","href":"https:\/\/api.w.org\/{rel}","templated":true}]}}