{"id":2903,"date":"2025-06-02T11:03:14","date_gmt":"2025-06-02T07:03:14","guid":{"rendered":"https:\/\/minifootball.az\/mini\/?p=2903"},"modified":"2025-06-02T11:03:17","modified_gmt":"2025-06-02T07:03:17","slug":"orxan-memmedov-bu-tarixi-qelebedir","status":"publish","type":"post","link":"https:\/\/minifootball.az\/mini\/?p=2903","title":{"rendered":"ORXAN M\u018fMM\u018fDOV: &#8220;BU TAR\u0130X\u0130 Q\u018fL\u018fB\u018fD\u0130R&#8221;"},"content":{"rendered":"\n<p>Minifutbol \u00fczr\u0259 Az\u0259rbaycan millisi Bak\u0131da ke\u00e7iril\u0259n d\u00fcnya \u00e7empionat\u0131nda Macar\u0131stan\u0131 4:2 hesab\u0131 il\u0259 m\u0259\u011flub ed\u0259r\u0259k d\u00fcnya \u00e7empionu olub. Mat\u00e7dan sonra\u00a0Az\u0259rbaycan Minifutbol Federasiyas\u0131n\u0131n prezidenti Orxan M\u0259mm\u0259dov jurnalistl\u0259rin suallar\u0131n\u0131 cavabland\u0131r\u0131b:<\/p>\n\n\n\n<p>&#8211; Bu, tarixi bir hadis\u0259dir. H\u0259r bir azarke\u015f\u0259 t\u0259\u015f\u0259kk\u00fcr\u00fcm\u00fc bildirir\u0259m. Az\u0259rbaycan Respublikas\u0131n\u0131n prezidentin\u0259 biz\u0259 g\u00f6st\u0259rdikl\u0259ri d\u0259st\u0259k \u00fc\u00e7\u00fcn minn\u0259tdarl\u0131q edir\u0259m. D\u00f6vl\u0259tin biz\u0259 d\u0259st\u0259yi&nbsp;olmasayd\u0131, biz bu q\u0259l\u0259b\u0259ni qazana bilm\u0259zdik. Futbol\u00e7ular\u0131m\u0131z y\u00fcks\u0259k s\u0259viyy\u0259d\u0259 v\u0259 s\u0259hvsiz \u00e7\u0131x\u0131\u015f etdil\u0259r. Ona g\u00f6r\u0259 d\u0259, bu oyun bizi daha da y\u00fcks\u0259k yerl\u0259r\u0259 \u00e7ataca\u011f\u0131m\u0131z\u0131 g\u00f6st\u0259rir. Bu q\u0259l\u0259b\u0259nin \u00f6z azarke\u015fl\u0259rimiz qar\u015f\u0131s\u0131nda ba\u015f verm\u0259yi bizi daha da \u00e7ox q\u00fcrurland\u0131r\u0131r.&nbsp;<\/p>\n\n\n\n<p><strong>&#8211; Art\u0131q AB\u015e&nbsp;s\u0259firliyi d\u0259 \u00f6z sosial \u015f\u0259b\u0259k\u0259sind\u0259n millimizi t\u0259brik edib. Bu m\u0259qam bizim q\u0259l\u0259b\u0259mizin n\u0259 d\u0259r\u0259c\u0259d\u0259 b\u00f6y\u00fck oldu\u011funu g\u00f6st\u0259rirmi?<\/strong><\/p>\n\n\n\n<p>&#8211; \u018flb\u0259tt\u0259, bizim q\u0259l\u0259b\u0259miz \u00e7ox b\u00f6y\u00fck bir hadis\u0259dir. Bu dan\u0131lmaz bir faktd\u0131r. Biz h\u0259l\u0259 Avropa \u00e7empionu olanda, c\u0259nab prezidentimiz bizi q\u0259bul etm\u0259kl\u0259 q\u0259l\u0259b\u0259mizin n\u0259 d\u0259r\u0259c\u0259d\u0259 \u0259h\u0259miyy\u0259tli oldu\u011funu g\u00f6st\u0259rmi\u015fdi. Biz\u0259 h\u0259min \u00e7empionluqdan sonra maliyy\u0259 d\u0259st\u0259yi d\u0259 ayr\u0131lm\u0131\u015fd\u0131. Dey\u0259 bil\u0259rik ki, bu d\u0259st\u0259k bizim haz\u0131rda d\u00fcnya \u00e7empionu olma\u011f\u0131m\u0131zda b\u00f6y\u00fck pay sahibidir. Bu, d\u00fcnya \u00e7empionat\u0131d\u0131r. Burada z\u0259if komanda yoxdur. 32 y\u0131\u011fma&nbsp;aras\u0131nda&nbsp;ilk pill\u0259d\u0259 olma\u011f\u0131m\u0131z q\u00fcrurland\u0131r\u0131c\u0131d\u0131r. Kim bizim q\u0259l\u0259b\u0259mizi ki\u00e7iltm\u0259k ist\u0259yirs\u0259, onlar\u0131 bizim \u00f6lk\u0259mizin d\u00fc\u015fm\u0259nl\u0259ri d\u0259 adland\u0131rmaq olar.&nbsp;<\/p>\n\n\n\n<p><strong>&#8211; Siz, d\u00fcnya \u00e7empionu olmaqla, art\u0131q qar\u015f\u0131n\u0131za qoydu\u011funuz \u0259sas m\u0259qs\u0259d\u0259 \u00e7atm\u0131s\u0131z\u0131n\u0131zm\u0131? Yoxsa, yeni h\u0259d\u0259fl\u0259r varm\u0131?<\/strong><\/p>\n\n\n\n<p>&#8211; Biz cavan federesiyay\u0131q. Ona g\u00f6r\u0259 d\u0259, h\u0259d\u0259fl\u0259rimiz \u00e7oxdur. Minifutbolun ba\u015fqa s\u0259viyy\u0259y\u0259 \u00e7atd\u0131r\u0131lma\u011f\u0131, infrastrukturun daha da inki\u015faf etdirilm\u0259si \u0259sas h\u0259d\u0259fl\u0259rimizd\u0259n biridir. G\u0259ncl\u0259rin d\u0259 minifutbola daha \u00e7ox maraq g\u00f6st\u0259rm\u0259si m\u0259qs\u0259dl\u0259rimiz s\u0131ras\u0131na daxil edil\u0259 bil\u0259r.&nbsp;<\/p>\n\n\n\n<p><strong>&#8211; Orxan m\u00fc\u0259llim, nec\u0259 d\u00fc\u015f\u00fcn\u00fcrs\u00fcz, bu c\u00fcr t\u0259\u015fkilat\u00e7\u0131l\u0131qdan sonra F\u0130FA da minifutbolu q\u0259bul ed\u0259c\u0259kmi?<\/strong><\/p>\n\n\n\n<p>&#8211; \u018flb\u0259tt\u0259, biz \u00e7al\u0131\u015faca\u011f\u0131q ki, F\u0130FA r\u0259smil\u0259ri d\u0259 bu t\u0259\u015fkilat\u00e7\u0131l\u0131\u011f\u0131 g\u00f6rs\u00fcn.&nbsp;D\u00fcnya Minifutbol Federasiyas\u0131 il\u0259 birlikd\u0259 bu m\u0259s\u0259l\u0259y\u0259 bax\u0131l\u0131r.<\/p>\n","protected":false},"excerpt":{"rendered":"<p>Minifutbol \u00fczr\u0259 Az\u0259rbaycan millisi Bak\u0131da ke\u00e7iril\u0259n d\u00fcnya \u00e7empionat\u0131nda Macar\u0131stan\u0131 4:2 hesab\u0131 il\u0259 m\u0259\u011flub ed\u0259r\u0259k d\u00fcnya \u00e7empionu olub. Mat\u00e7dan sonra\u00a0Az\u0259rbaycan Minifutbol Federasiyas\u0131n\u0131n prezidenti Orxan M\u0259mm\u0259dov jurnalistl\u0259rin suallar\u0131n\u0131 cavabland\u0131r\u0131b: &#8211; Bu, tarixi bir hadis\u0259dir. H\u0259r bir azarke\u015f\u0259 t\u0259\u015f\u0259kk\u00fcr\u00fcm\u00fc bildirir\u0259m. Az\u0259rbaycan Respublikas\u0131n\u0131n prezidentin\u0259 biz\u0259 g\u00f6st\u0259rdikl\u0259ri d\u0259st\u0259k \u00fc\u00e7\u00fcn minn\u0259tdarl\u0131q edir\u0259m. D\u00f6vl\u0259tin biz\u0259 d\u0259st\u0259yi&nbsp;olmasayd\u0131, biz bu q\u0259l\u0259b\u0259ni qazana bilm\u0259zdik. Futbol\u00e7ular\u0131m\u0131z y\u00fcks\u0259k s\u0259viyy\u0259d\u0259 v\u0259 s\u0259hvsiz \u00e7\u0131x\u0131\u015f etdil\u0259r. Ona g\u00f6r\u0259 d\u0259, bu oyun bizi daha da y\u00fcks\u0259k yerl\u0259r\u0259 \u00e7ataca\u011f\u0131m\u0131z\u0131 g\u00f6st\u0259rir. Bu q\u0259l\u0259b\u0259nin \u00f6z azarke\u015fl\u0259rimiz qar\u015f\u0131s\u0131nda ba\u015f verm\u0259yi bizi daha da \u00e7ox q\u00fcrurland\u0131r\u0131r.&nbsp; &#8211; Art\u0131q AB\u015e&nbsp;s\u0259firliyi d\u0259 \u00f6z sosial \u015f\u0259b\u0259k\u0259sind\u0259n millimizi t\u0259brik edib. Bu m\u0259qam bizim q\u0259l\u0259b\u0259mizin n\u0259 d\u0259r\u0259c\u0259d\u0259 b\u00f6y\u00fck oldu\u011funu g\u00f6st\u0259rirmi? &#8211; \u018flb\u0259tt\u0259, bizim q\u0259l\u0259b\u0259miz \u00e7ox b\u00f6y\u00fck bir hadis\u0259dir. Bu dan\u0131lmaz bir faktd\u0131r. Biz h\u0259l\u0259 Avropa \u00e7empionu olanda, c\u0259nab prezidentimiz bizi q\u0259bul etm\u0259kl\u0259 q\u0259l\u0259b\u0259mizin n\u0259 d\u0259r\u0259c\u0259d\u0259 \u0259h\u0259miyy\u0259tli oldu\u011funu g\u00f6st\u0259rmi\u015fdi. Biz\u0259 h\u0259min \u00e7empionluqdan sonra maliyy\u0259 d\u0259st\u0259yi d\u0259 ayr\u0131lm\u0131\u015fd\u0131. Dey\u0259 bil\u0259rik ki, bu d\u0259st\u0259k bizim haz\u0131rda d\u00fcnya \u00e7empionu olma\u011f\u0131m\u0131zda b\u00f6y\u00fck pay sahibidir. Bu, d\u00fcnya \u00e7empionat\u0131d\u0131r. Burada z\u0259if komanda yoxdur. 32 y\u0131\u011fma&nbsp;aras\u0131nda&nbsp;ilk pill\u0259d\u0259 olma\u011f\u0131m\u0131z q\u00fcrurland\u0131r\u0131c\u0131d\u0131r. Kim bizim q\u0259l\u0259b\u0259mizi ki\u00e7iltm\u0259k ist\u0259yirs\u0259, onlar\u0131 bizim \u00f6lk\u0259mizin d\u00fc\u015fm\u0259nl\u0259ri d\u0259 adland\u0131rmaq olar.&nbsp; &#8211; Siz, d\u00fcnya \u00e7empionu olmaqla, art\u0131q qar\u015f\u0131n\u0131za qoydu\u011funuz \u0259sas m\u0259qs\u0259d\u0259 \u00e7atm\u0131s\u0131z\u0131n\u0131zm\u0131? Yoxsa, yeni h\u0259d\u0259fl\u0259r varm\u0131? &#8211; Biz cavan federesiyay\u0131q. Ona g\u00f6r\u0259 d\u0259, h\u0259d\u0259fl\u0259rimiz \u00e7oxdur. Minifutbolun ba\u015fqa s\u0259viyy\u0259y\u0259 \u00e7atd\u0131r\u0131lma\u011f\u0131, infrastrukturun daha da inki\u015faf etdirilm\u0259si \u0259sas h\u0259d\u0259fl\u0259rimizd\u0259n biridir. G\u0259ncl\u0259rin d\u0259 minifutbola daha \u00e7ox maraq g\u00f6st\u0259rm\u0259si m\u0259qs\u0259dl\u0259rimiz s\u0131ras\u0131na daxil edil\u0259 bil\u0259r.&nbsp; &#8211; Orxan m\u00fc\u0259llim, nec\u0259 d\u00fc\u015f\u00fcn\u00fcrs\u00fcz, bu c\u00fcr t\u0259\u015fkilat\u00e7\u0131l\u0131qdan sonra F\u0130FA da minifutbolu q\u0259bul ed\u0259c\u0259kmi? &#8211; \u018flb\u0259tt\u0259, biz \u00e7al\u0131\u015faca\u011f\u0131q ki, F\u0130FA r\u0259smil\u0259ri d\u0259 bu t\u0259\u015fkilat\u00e7\u0131l\u0131\u011f\u0131 g\u00f6rs\u00fcn.&nbsp;D\u00fcnya Minifutbol Federasiyas\u0131 il\u0259 birlikd\u0259 bu m\u0259s\u0259l\u0259y\u0259 bax\u0131l\u0131r.<\/p>\n","protected":false},"author":2,"featured_media":2906,"comment_status":"closed","ping_status":"closed","sticky":false,"template":"","format":"standard","meta":{"_siteseo_robots_primary_cat":"none","footnotes":""},"categories":[3],"tags":[],"class_list":["post-2903","post","type-post","status-publish","format-standard","has-post-thumbnail","hentry","category-xeberler"],"_links":{"self":[{"href":"https:\/\/minifootball.az\/mini\/index.php?rest_route=\/wp\/v2\/posts\/2903","targetHints":{"allow":["GET"]}}],"collection":[{"href":"https:\/\/minifootball.az\/mini\/index.php?rest_route=\/wp\/v2\/posts"}],"about":[{"href":"https:\/\/minifootball.az\/mini\/index.php?rest_route=\/wp\/v2\/types\/post"}],"author":[{"embeddable":true,"href":"https:\/\/minifootball.az\/mini\/index.php?rest_route=\/wp\/v2\/users\/2"}],"replies":[{"embeddable":true,"href":"https:\/\/minifootball.az\/mini\/index.php?rest_route=%2Fwp%2Fv2%2Fcomments&post=2903"}],"version-history":[{"count":1,"href":"https:\/\/minifootball.az\/mini\/index.php?rest_route=\/wp\/v2\/posts\/2903\/revisions"}],"predecessor-version":[{"id":2907,"href":"https:\/\/minifootball.az\/mini\/index.php?rest_route=\/wp\/v2\/posts\/2903\/revisions\/2907"}],"wp:featuredmedia":[{"embeddable":true,"href":"https:\/\/minifootball.az\/mini\/index.php?rest_route=\/wp\/v2\/media\/2906"}],"wp:attachment":[{"href":"https:\/\/minifootball.az\/mini\/index.php?rest_route=%2Fwp%2Fv2%2Fmedia&parent=2903"}],"wp:term":[{"taxonomy":"category","embeddable":true,"href":"https:\/\/minifootball.az\/mini\/index.php?rest_route=%2Fwp%2Fv2%2Fcategories&post=2903"},{"taxonomy":"post_tag","embeddable":true,"href":"https:\/\/minifootball.az\/mini\/index.php?rest_route=%2Fwp%2Fv2%2Ftags&post=2903"}],"curies":[{"name":"wp","href":"https:\/\/api.w.org\/{rel}","templated":true}]}}