{"id":2973,"date":"2025-07-14T15:25:14","date_gmt":"2025-07-14T11:25:14","guid":{"rendered":"https:\/\/minifootball.az\/mini\/?p=2973"},"modified":"2025-07-14T15:25:16","modified_gmt":"2025-07-14T11:25:16","slug":"az%c9%99rbaycan-v%c9%99-ruminiya-minifutbol-federasiyalari-%c9%99m%c9%99kdasliq-perspektivl%c9%99rini-muzakir%c9%99-edibl%c9%99r","status":"publish","type":"post","link":"https:\/\/minifootball.az\/mini\/?p=2973","title":{"rendered":"Az\u0259rbaycan v\u0259 Rum\u0131niya Minifutbol Federasiyalar\u0131 \u0259m\u0259kda\u015fl\u0131q perspektivl\u0259rini m\u00fczakir\u0259 edibl\u0259r"},"content":{"rendered":"\n<p>Az\u0259rbaycan Minifutbol Federasiyas\u0131n\u0131n icra\u00e7\u0131 vitse-prezidenti Taleh N\u0259sibov v\u0259 vitse-prezident Az\u0259r H\u00fcseynov Rum\u0131niya Minifutbol Federasiyas\u0131n\u0131n d\u0259v\u0259ti il\u0259 Buxarestd\u0259 ke\u00e7iril\u0259n \u00f6lk\u0259 \u00e7empionat\u0131n\u0131n final qar\u015f\u0131la\u015fmas\u0131n\u0131 izl\u0259yib. T\u0259dbird\u0259 Rum\u0131niya Olimpiya \u0130dman Komit\u0259sinin Ba\u015f katibi Corc Boroy (George Boroi) v\u0259 Rum\u0131niya Minifutbol Federasiyas\u0131n\u0131n prezidenti \u0130oan Oni\u00e7a\u015f (Ioan Onicas) da i\u015ftirak edibl\u0259r.<\/p>\n\n\n\n<p>G\u00f6r\u00fc\u015f zaman\u0131 t\u0259r\u0259fl\u0259r minifutbolun inki\u015faf\u0131, qar\u015f\u0131l\u0131ql\u0131 \u0259m\u0259kda\u015fl\u0131q imkanlar\u0131 v\u0259 g\u0259l\u0259c\u0259k layih\u0259l\u0259r bar\u0259d\u0259 fikir m\u00fcbadil\u0259si apar\u0131blar. Taleh N\u0259sibov rum\u0131nyal\u0131 h\u0259mkar\u0131n\u0131 Rum\u0131niya Minifutbol Federasiyas\u0131n\u0131n \u00f6lk\u0259nin Olimpiya Komit\u0259sin\u0259 tam \u00fczv kimi q\u0259bul olunmas\u0131 m\u00fcnasib\u0259til\u0259 t\u0259brik edib. O, bu add\u0131m\u0131n minifutbolun daha geni\u015f k\u00fctl\u0259l\u0259r\u0259 \u00e7atmas\u0131na v\u0259 beyn\u0259lxalq arenada m\u00f6vqeyinin m\u00f6hk\u0259ml\u0259nm\u0259sin\u0259 t\u00f6hf\u0259 ver\u0259c\u0259yin\u0259 inand\u0131\u011f\u0131n\u0131 bildirib.<\/p>\n\n\n\n<figure class=\"wp-block-gallery has-nested-images columns-default is-cropped wp-block-gallery-1 is-layout-flex wp-block-gallery-is-layout-flex\">\n<figure class=\"wp-block-image size-large\"><img fetchpriority=\"high\" decoding=\"async\" width=\"1024\" height=\"688\" data-id=\"2977\" src=\"https:\/\/minifootball.az\/mini\/wp-content\/uploads\/2025\/07\/gorus--1024x688.jpg\" alt=\"\" class=\"wp-image-2977\" srcset=\"https:\/\/minifootball.az\/mini\/wp-content\/uploads\/2025\/07\/gorus--1024x688.jpg 1024w, https:\/\/minifootball.az\/mini\/wp-content\/uploads\/2025\/07\/gorus--300x202.jpg 300w, https:\/\/minifootball.az\/mini\/wp-content\/uploads\/2025\/07\/gorus--768x516.jpg 768w, https:\/\/minifootball.az\/mini\/wp-content\/uploads\/2025\/07\/gorus--1536x1032.jpg 1536w, https:\/\/minifootball.az\/mini\/wp-content\/uploads\/2025\/07\/gorus-.jpg 1817w\" sizes=\"(max-width: 1024px) 100vw, 1024px\" \/><\/figure>\n<\/figure>\n\n\n\n<figure class=\"wp-block-gallery has-nested-images columns-default is-cropped wp-block-gallery-2 is-layout-flex wp-block-gallery-is-layout-flex\">\n<figure class=\"wp-block-image size-large\"><img decoding=\"async\" width=\"1024\" height=\"768\" data-id=\"2978\" src=\"https:\/\/minifootball.az\/mini\/wp-content\/uploads\/2025\/07\/gorus-3-1024x768.jpg\" alt=\"\" class=\"wp-image-2978\" srcset=\"https:\/\/minifootball.az\/mini\/wp-content\/uploads\/2025\/07\/gorus-3-1024x768.jpg 1024w, https:\/\/minifootball.az\/mini\/wp-content\/uploads\/2025\/07\/gorus-3-300x225.jpg 300w, https:\/\/minifootball.az\/mini\/wp-content\/uploads\/2025\/07\/gorus-3-768x576.jpg 768w, https:\/\/minifootball.az\/mini\/wp-content\/uploads\/2025\/07\/gorus-3-1536x1152.jpg 1536w, https:\/\/minifootball.az\/mini\/wp-content\/uploads\/2025\/07\/gorus-3.jpg 2000w\" sizes=\"(max-width: 1024px) 100vw, 1024px\" \/><\/figure>\n<\/figure>\n\n\n\n<figure class=\"wp-block-gallery has-nested-images columns-default is-cropped wp-block-gallery-3 is-layout-flex wp-block-gallery-is-layout-flex\">\n<figure class=\"wp-block-image size-large\"><img decoding=\"async\" width=\"1024\" height=\"585\" data-id=\"2979\" src=\"https:\/\/minifootball.az\/mini\/wp-content\/uploads\/2025\/07\/gorus-4-1024x585.jpg\" alt=\"\" class=\"wp-image-2979\" srcset=\"https:\/\/minifootball.az\/mini\/wp-content\/uploads\/2025\/07\/gorus-4-1024x585.jpg 1024w, https:\/\/minifootball.az\/mini\/wp-content\/uploads\/2025\/07\/gorus-4-300x171.jpg 300w, https:\/\/minifootball.az\/mini\/wp-content\/uploads\/2025\/07\/gorus-4-768x439.jpg 768w, https:\/\/minifootball.az\/mini\/wp-content\/uploads\/2025\/07\/gorus-4-1536x877.jpg 1536w, https:\/\/minifootball.az\/mini\/wp-content\/uploads\/2025\/07\/gorus-4.jpg 1600w\" sizes=\"(max-width: 1024px) 100vw, 1024px\" \/><\/figure>\n<\/figure>\n","protected":false},"excerpt":{"rendered":"<p>Az\u0259rbaycan Minifutbol Federasiyas\u0131n\u0131n icra\u00e7\u0131 vitse-prezidenti Taleh N\u0259sibov v\u0259 vitse-prezident Az\u0259r H\u00fcseynov Rum\u0131niya Minifutbol Federasiyas\u0131n\u0131n d\u0259v\u0259ti il\u0259 Buxarestd\u0259 ke\u00e7iril\u0259n \u00f6lk\u0259 \u00e7empionat\u0131n\u0131n final qar\u015f\u0131la\u015fmas\u0131n\u0131 izl\u0259yib. T\u0259dbird\u0259 Rum\u0131niya Olimpiya \u0130dman Komit\u0259sinin Ba\u015f katibi Corc Boroy (George Boroi) v\u0259 Rum\u0131niya Minifutbol Federasiyas\u0131n\u0131n prezidenti \u0130oan Oni\u00e7a\u015f (Ioan Onicas) da i\u015ftirak edibl\u0259r. G\u00f6r\u00fc\u015f zaman\u0131 t\u0259r\u0259fl\u0259r minifutbolun inki\u015faf\u0131, qar\u015f\u0131l\u0131ql\u0131 \u0259m\u0259kda\u015fl\u0131q imkanlar\u0131 v\u0259 g\u0259l\u0259c\u0259k layih\u0259l\u0259r bar\u0259d\u0259 fikir m\u00fcbadil\u0259si apar\u0131blar. Taleh N\u0259sibov rum\u0131nyal\u0131 h\u0259mkar\u0131n\u0131 Rum\u0131niya Minifutbol Federasiyas\u0131n\u0131n \u00f6lk\u0259nin Olimpiya Komit\u0259sin\u0259 tam \u00fczv kimi q\u0259bul olunmas\u0131 m\u00fcnasib\u0259til\u0259 t\u0259brik edib. O, bu add\u0131m\u0131n minifutbolun daha geni\u015f k\u00fctl\u0259l\u0259r\u0259 \u00e7atmas\u0131na v\u0259 beyn\u0259lxalq arenada m\u00f6vqeyinin m\u00f6hk\u0259ml\u0259nm\u0259sin\u0259 t\u00f6hf\u0259 ver\u0259c\u0259yin\u0259 inand\u0131\u011f\u0131n\u0131 bildirib.<\/p>\n","protected":false},"author":2,"featured_media":2976,"comment_status":"closed","ping_status":"closed","sticky":false,"template":"","format":"standard","meta":{"_siteseo_robots_primary_cat":"none","footnotes":""},"categories":[3],"tags":[],"class_list":["post-2973","post","type-post","status-publish","format-standard","has-post-thumbnail","hentry","category-xeberler"],"_links":{"self":[{"href":"https:\/\/minifootball.az\/mini\/index.php?rest_route=\/wp\/v2\/posts\/2973","targetHints":{"allow":["GET"]}}],"collection":[{"href":"https:\/\/minifootball.az\/mini\/index.php?rest_route=\/wp\/v2\/posts"}],"about":[{"href":"https:\/\/minifootball.az\/mini\/index.php?rest_route=\/wp\/v2\/types\/post"}],"author":[{"embeddable":true,"href":"https:\/\/minifootball.az\/mini\/index.php?rest_route=\/wp\/v2\/users\/2"}],"replies":[{"embeddable":true,"href":"https:\/\/minifootball.az\/mini\/index.php?rest_route=%2Fwp%2Fv2%2Fcomments&post=2973"}],"version-history":[{"count":1,"href":"https:\/\/minifootball.az\/mini\/index.php?rest_route=\/wp\/v2\/posts\/2973\/revisions"}],"predecessor-version":[{"id":2980,"href":"https:\/\/minifootball.az\/mini\/index.php?rest_route=\/wp\/v2\/posts\/2973\/revisions\/2980"}],"wp:featuredmedia":[{"embeddable":true,"href":"https:\/\/minifootball.az\/mini\/index.php?rest_route=\/wp\/v2\/media\/2976"}],"wp:attachment":[{"href":"https:\/\/minifootball.az\/mini\/index.php?rest_route=%2Fwp%2Fv2%2Fmedia&parent=2973"}],"wp:term":[{"taxonomy":"category","embeddable":true,"href":"https:\/\/minifootball.az\/mini\/index.php?rest_route=%2Fwp%2Fv2%2Fcategories&post=2973"},{"taxonomy":"post_tag","embeddable":true,"href":"https:\/\/minifootball.az\/mini\/index.php?rest_route=%2Fwp%2Fv2%2Ftags&post=2973"}],"curies":[{"name":"wp","href":"https:\/\/api.w.org\/{rel}","templated":true}]}}