{"id":2981,"date":"2025-09-01T19:32:45","date_gmt":"2025-09-01T15:32:45","guid":{"rendered":"https:\/\/minifootball.az\/mini\/?p=2981"},"modified":"2025-09-01T19:32:46","modified_gmt":"2025-09-01T15:32:46","slug":"klublarimizin-cempionlar-liqasindaki-reqibleri-belli-olur-canli-yayim","status":"publish","type":"post","link":"https:\/\/minifootball.az\/mini\/?p=2981","title":{"rendered":"KLUBLARIMIZIN \u00c7EMP\u0130ONLAR L\u0130QASINDAKI R\u018fQ\u0130BL\u018fR\u0130 B\u018fLL\u0130 OLUR &#8211; CANLI YAYIM"},"content":{"rendered":"\n<p>Bu g\u00fcn Bak\u0131 vaxt\u0131 il\u0259 saat 20:00 da minifutbol \u00fczr\u0259 \u00c7empionlar Liqas\u0131nda t\u0259msil\u00e7il\u0259rimizin r\u0259qibl\u0259ri m\u00fc\u0259yy\u0259nl\u0259\u015f\u0259c\u0259k. Bolqarlstan\u0131n Sofiya \u015f\u0259h\u0259rind\u0259 ke\u00e7iril\u0259c\u0259k yar\u0131\u015fda \u00f6lk\u0259mizi \u201cBirba\u015fa Bak\u0131\u201d , \u201cZir\u0259\u201d v\u0259 \u201cAznur\u201d komandalar\u0131 t\u0259msil ed\u0259c\u0259k. Qeyd ed\u0259k ki, h\u0259r \u00fc\u00e7 komandam\u0131z p\u00fc\u015fkatmada 1-ci s\u0259b\u0259td\u0259 yer al\u0131b.<\/p>\n\n\n\n<figure class=\"wp-block-embed is-type-video is-provider-youtube wp-block-embed-youtube wp-embed-aspect-16-9 wp-has-aspect-ratio\"><div class=\"wp-block-embed__wrapper\">\n<iframe title=\"EMF Champions League &amp; EMF Eurocup - DRAW Ceremony\" width=\"1140\" height=\"641\" src=\"https:\/\/www.youtube.com\/embed\/14d7ACtoE04?feature=oembed\" frameborder=\"0\" allow=\"accelerometer; autoplay; clipboard-write; encrypted-media; gyroscope; picture-in-picture; web-share\" referrerpolicy=\"strict-origin-when-cross-origin\" allowfullscreen><\/iframe>\n<\/div><\/figure>\n","protected":false},"excerpt":{"rendered":"<p>Bu g\u00fcn Bak\u0131 vaxt\u0131 il\u0259 saat 20:00 da minifutbol \u00fczr\u0259 \u00c7empionlar Liqas\u0131nda t\u0259msil\u00e7il\u0259rimizin r\u0259qibl\u0259ri m\u00fc\u0259yy\u0259nl\u0259\u015f\u0259c\u0259k. Bolqarlstan\u0131n Sofiya \u015f\u0259h\u0259rind\u0259 ke\u00e7iril\u0259c\u0259k yar\u0131\u015fda \u00f6lk\u0259mizi \u201cBirba\u015fa Bak\u0131\u201d , \u201cZir\u0259\u201d v\u0259 \u201cAznur\u201d komandalar\u0131 t\u0259msil ed\u0259c\u0259k. Qeyd ed\u0259k ki, h\u0259r \u00fc\u00e7 komandam\u0131z p\u00fc\u015fkatmada 1-ci s\u0259b\u0259td\u0259 yer al\u0131b.<\/p>\n","protected":false},"author":2,"featured_media":2984,"comment_status":"closed","ping_status":"closed","sticky":false,"template":"","format":"standard","meta":{"_siteseo_robots_primary_cat":"none","footnotes":""},"categories":[3],"tags":[],"class_list":["post-2981","post","type-post","status-publish","format-standard","has-post-thumbnail","hentry","category-xeberler"],"_links":{"self":[{"href":"https:\/\/minifootball.az\/mini\/index.php?rest_route=\/wp\/v2\/posts\/2981","targetHints":{"allow":["GET"]}}],"collection":[{"href":"https:\/\/minifootball.az\/mini\/index.php?rest_route=\/wp\/v2\/posts"}],"about":[{"href":"https:\/\/minifootball.az\/mini\/index.php?rest_route=\/wp\/v2\/types\/post"}],"author":[{"embeddable":true,"href":"https:\/\/minifootball.az\/mini\/index.php?rest_route=\/wp\/v2\/users\/2"}],"replies":[{"embeddable":true,"href":"https:\/\/minifootball.az\/mini\/index.php?rest_route=%2Fwp%2Fv2%2Fcomments&post=2981"}],"version-history":[{"count":1,"href":"https:\/\/minifootball.az\/mini\/index.php?rest_route=\/wp\/v2\/posts\/2981\/revisions"}],"predecessor-version":[{"id":2985,"href":"https:\/\/minifootball.az\/mini\/index.php?rest_route=\/wp\/v2\/posts\/2981\/revisions\/2985"}],"wp:featuredmedia":[{"embeddable":true,"href":"https:\/\/minifootball.az\/mini\/index.php?rest_route=\/wp\/v2\/media\/2984"}],"wp:attachment":[{"href":"https:\/\/minifootball.az\/mini\/index.php?rest_route=%2Fwp%2Fv2%2Fmedia&parent=2981"}],"wp:term":[{"taxonomy":"category","embeddable":true,"href":"https:\/\/minifootball.az\/mini\/index.php?rest_route=%2Fwp%2Fv2%2Fcategories&post=2981"},{"taxonomy":"post_tag","embeddable":true,"href":"https:\/\/minifootball.az\/mini\/index.php?rest_route=%2Fwp%2Fv2%2Ftags&post=2981"}],"curies":[{"name":"wp","href":"https:\/\/api.w.org\/{rel}","templated":true}]}}