{"id":3010,"date":"2025-09-17T20:20:18","date_gmt":"2025-09-17T16:20:18","guid":{"rendered":"https:\/\/minifootball.az\/mini\/?p=3010"},"modified":"2025-09-17T20:20:21","modified_gmt":"2025-09-17T16:20:21","slug":"zire-macaristan-klubuna-qalib-geldi-fotolar","status":"publish","type":"post","link":"https:\/\/minifootball.az\/mini\/?p=3010","title":{"rendered":"&#8220;Z\u0130R\u018f&#8221; MACARISTAN KLUBUNA QAL\u0130B G\u018fLD\u0130 (FOTOLAR)"},"content":{"rendered":"\n<p>Az\u0259rbaycan t\u0259msil\u00e7isi &#8220;Zir\u0259&#8221; klubu \u00c7empionlar Liqas\u0131na u\u011furlu ba\u015flay\u0131b. Komandam\u0131z ilk oyunda Macar\u0131stan\u0131n \u201cRooftop\u201d(Budape\u015ft) komandas\u0131na qalib g\u0259lib. Oyun 2-0 hesab\u0131 il\u0259 t\u0259msil\u00e7imizin xeyrin\u0259 ba\u015fa \u00e7at\u0131b. <\/p>\n\n\n\n<figure class=\"wp-block-gallery has-nested-images columns-default is-cropped wp-block-gallery-1 is-layout-flex wp-block-gallery-is-layout-flex\">\n<figure class=\"wp-block-image size-large\"><img fetchpriority=\"high\" decoding=\"async\" width=\"1024\" height=\"669\" data-id=\"3014\" src=\"https:\/\/minifootball.az\/mini\/wp-content\/uploads\/2025\/09\/zire-1-1024x669.jpg\" alt=\"\" class=\"wp-image-3014\" srcset=\"https:\/\/minifootball.az\/mini\/wp-content\/uploads\/2025\/09\/zire-1-1024x669.jpg 1024w, https:\/\/minifootball.az\/mini\/wp-content\/uploads\/2025\/09\/zire-1-300x196.jpg 300w, https:\/\/minifootball.az\/mini\/wp-content\/uploads\/2025\/09\/zire-1-768x501.jpg 768w, https:\/\/minifootball.az\/mini\/wp-content\/uploads\/2025\/09\/zire-1-1536x1003.jpg 1536w, https:\/\/minifootball.az\/mini\/wp-content\/uploads\/2025\/09\/zire-1.jpg 2048w\" sizes=\"(max-width: 1024px) 100vw, 1024px\" \/><\/figure>\n<\/figure>\n\n\n\n<figure class=\"wp-block-gallery has-nested-images columns-default is-cropped wp-block-gallery-2 is-layout-flex wp-block-gallery-is-layout-flex\">\n<figure class=\"wp-block-image size-large\"><img decoding=\"async\" width=\"1024\" height=\"689\" data-id=\"3015\" src=\"https:\/\/minifootball.az\/mini\/wp-content\/uploads\/2025\/09\/zire-2-1024x689.jpg\" alt=\"\" class=\"wp-image-3015\" srcset=\"https:\/\/minifootball.az\/mini\/wp-content\/uploads\/2025\/09\/zire-2-1024x689.jpg 1024w, https:\/\/minifootball.az\/mini\/wp-content\/uploads\/2025\/09\/zire-2-300x202.jpg 300w, https:\/\/minifootball.az\/mini\/wp-content\/uploads\/2025\/09\/zire-2-768x516.jpg 768w, https:\/\/minifootball.az\/mini\/wp-content\/uploads\/2025\/09\/zire-2-1536x1033.jpg 1536w, https:\/\/minifootball.az\/mini\/wp-content\/uploads\/2025\/09\/zire-2.jpg 2048w\" sizes=\"(max-width: 1024px) 100vw, 1024px\" \/><\/figure>\n<\/figure>\n\n\n\n<figure class=\"wp-block-gallery has-nested-images columns-default is-cropped wp-block-gallery-3 is-layout-flex wp-block-gallery-is-layout-flex\">\n<figure class=\"wp-block-image size-large\"><img decoding=\"async\" width=\"1024\" height=\"684\" data-id=\"3016\" src=\"https:\/\/minifootball.az\/mini\/wp-content\/uploads\/2025\/09\/zire-4-1024x684.jpg\" alt=\"\" class=\"wp-image-3016\" srcset=\"https:\/\/minifootball.az\/mini\/wp-content\/uploads\/2025\/09\/zire-4-1024x684.jpg 1024w, https:\/\/minifootball.az\/mini\/wp-content\/uploads\/2025\/09\/zire-4-300x200.jpg 300w, https:\/\/minifootball.az\/mini\/wp-content\/uploads\/2025\/09\/zire-4-768x513.jpg 768w, https:\/\/minifootball.az\/mini\/wp-content\/uploads\/2025\/09\/zire-4-1536x1025.jpg 1536w, https:\/\/minifootball.az\/mini\/wp-content\/uploads\/2025\/09\/zire-4.jpg 2048w\" sizes=\"(max-width: 1024px) 100vw, 1024px\" \/><\/figure>\n<\/figure>\n\n\n\n<figure class=\"wp-block-gallery has-nested-images columns-default is-cropped wp-block-gallery-4 is-layout-flex wp-block-gallery-is-layout-flex\">\n<figure class=\"wp-block-image size-large\"><img loading=\"lazy\" decoding=\"async\" width=\"1024\" height=\"661\" data-id=\"3019\" src=\"https:\/\/minifootball.az\/mini\/wp-content\/uploads\/2025\/09\/zire-6-1024x661.jpg\" alt=\"\" class=\"wp-image-3019\" srcset=\"https:\/\/minifootball.az\/mini\/wp-content\/uploads\/2025\/09\/zire-6-1024x661.jpg 1024w, https:\/\/minifootball.az\/mini\/wp-content\/uploads\/2025\/09\/zire-6-300x194.jpg 300w, https:\/\/minifootball.az\/mini\/wp-content\/uploads\/2025\/09\/zire-6-768x496.jpg 768w, https:\/\/minifootball.az\/mini\/wp-content\/uploads\/2025\/09\/zire-6-1536x992.jpg 1536w, https:\/\/minifootball.az\/mini\/wp-content\/uploads\/2025\/09\/zire-6.jpg 2048w\" sizes=\"(max-width: 1024px) 100vw, 1024px\" \/><\/figure>\n<\/figure>\n\n\n\n<figure class=\"wp-block-gallery has-nested-images columns-default is-cropped wp-block-gallery-5 is-layout-flex wp-block-gallery-is-layout-flex\">\n<figure class=\"wp-block-image size-large\"><img loading=\"lazy\" decoding=\"async\" width=\"1024\" height=\"698\" data-id=\"3018\" src=\"https:\/\/minifootball.az\/mini\/wp-content\/uploads\/2025\/09\/zire-5-1024x698.jpg\" alt=\"\" class=\"wp-image-3018\" srcset=\"https:\/\/minifootball.az\/mini\/wp-content\/uploads\/2025\/09\/zire-5-1024x698.jpg 1024w, https:\/\/minifootball.az\/mini\/wp-content\/uploads\/2025\/09\/zire-5-300x204.jpg 300w, https:\/\/minifootball.az\/mini\/wp-content\/uploads\/2025\/09\/zire-5-768x523.jpg 768w, https:\/\/minifootball.az\/mini\/wp-content\/uploads\/2025\/09\/zire-5-1536x1046.jpg 1536w, https:\/\/minifootball.az\/mini\/wp-content\/uploads\/2025\/09\/zire-5.jpg 2048w\" sizes=\"(max-width: 1024px) 100vw, 1024px\" \/><\/figure>\n<\/figure>\n\n\n\n<figure class=\"wp-block-gallery has-nested-images columns-default is-cropped wp-block-gallery-6 is-layout-flex wp-block-gallery-is-layout-flex\">\n<figure class=\"wp-block-image size-large\"><img loading=\"lazy\" decoding=\"async\" width=\"1024\" height=\"678\" data-id=\"3020\" src=\"https:\/\/minifootball.az\/mini\/wp-content\/uploads\/2025\/09\/zire-7-1024x678.jpg\" alt=\"\" class=\"wp-image-3020\" srcset=\"https:\/\/minifootball.az\/mini\/wp-content\/uploads\/2025\/09\/zire-7-1024x678.jpg 1024w, https:\/\/minifootball.az\/mini\/wp-content\/uploads\/2025\/09\/zire-7-300x199.jpg 300w, https:\/\/minifootball.az\/mini\/wp-content\/uploads\/2025\/09\/zire-7-768x509.jpg 768w, https:\/\/minifootball.az\/mini\/wp-content\/uploads\/2025\/09\/zire-7-1536x1017.jpg 1536w, https:\/\/minifootball.az\/mini\/wp-content\/uploads\/2025\/09\/zire-7.jpg 2048w\" sizes=\"(max-width: 1024px) 100vw, 1024px\" \/><\/figure>\n<\/figure>\n","protected":false},"excerpt":{"rendered":"<p>Az\u0259rbaycan t\u0259msil\u00e7isi &#8220;Zir\u0259&#8221; klubu \u00c7empionlar Liqas\u0131na u\u011furlu ba\u015flay\u0131b. Komandam\u0131z ilk oyunda Macar\u0131stan\u0131n \u201cRooftop\u201d(Budape\u015ft) komandas\u0131na qalib g\u0259lib. Oyun 2-0 hesab\u0131 il\u0259 t\u0259msil\u00e7imizin xeyrin\u0259 ba\u015fa \u00e7at\u0131b.<\/p>\n","protected":false},"author":2,"featured_media":3013,"comment_status":"closed","ping_status":"closed","sticky":false,"template":"","format":"standard","meta":{"_siteseo_robots_primary_cat":"none","footnotes":""},"categories":[3],"tags":[],"class_list":["post-3010","post","type-post","status-publish","format-standard","has-post-thumbnail","hentry","category-xeberler"],"_links":{"self":[{"href":"https:\/\/minifootball.az\/mini\/index.php?rest_route=\/wp\/v2\/posts\/3010","targetHints":{"allow":["GET"]}}],"collection":[{"href":"https:\/\/minifootball.az\/mini\/index.php?rest_route=\/wp\/v2\/posts"}],"about":[{"href":"https:\/\/minifootball.az\/mini\/index.php?rest_route=\/wp\/v2\/types\/post"}],"author":[{"embeddable":true,"href":"https:\/\/minifootball.az\/mini\/index.php?rest_route=\/wp\/v2\/users\/2"}],"replies":[{"embeddable":true,"href":"https:\/\/minifootball.az\/mini\/index.php?rest_route=%2Fwp%2Fv2%2Fcomments&post=3010"}],"version-history":[{"count":1,"href":"https:\/\/minifootball.az\/mini\/index.php?rest_route=\/wp\/v2\/posts\/3010\/revisions"}],"predecessor-version":[{"id":3021,"href":"https:\/\/minifootball.az\/mini\/index.php?rest_route=\/wp\/v2\/posts\/3010\/revisions\/3021"}],"wp:featuredmedia":[{"embeddable":true,"href":"https:\/\/minifootball.az\/mini\/index.php?rest_route=\/wp\/v2\/media\/3013"}],"wp:attachment":[{"href":"https:\/\/minifootball.az\/mini\/index.php?rest_route=%2Fwp%2Fv2%2Fmedia&parent=3010"}],"wp:term":[{"taxonomy":"category","embeddable":true,"href":"https:\/\/minifootball.az\/mini\/index.php?rest_route=%2Fwp%2Fv2%2Fcategories&post=3010"},{"taxonomy":"post_tag","embeddable":true,"href":"https:\/\/minifootball.az\/mini\/index.php?rest_route=%2Fwp%2Fv2%2Ftags&post=3010"}],"curies":[{"name":"wp","href":"https:\/\/api.w.org\/{rel}","templated":true}]}}