{"id":3096,"date":"2025-09-18T19:51:27","date_gmt":"2025-09-18T15:51:27","guid":{"rendered":"https:\/\/minifootball.az\/mini\/?p=3096"},"modified":"2025-09-18T19:51:30","modified_gmt":"2025-09-18T15:51:30","slug":"zire-qrup-merhelesini-lider-kimi-basa-vurdu","status":"publish","type":"post","link":"https:\/\/minifootball.az\/mini\/?p=3096","title":{"rendered":"&#8220;Z\u0130R\u018f&#8221; QRUP M\u018fRH\u018fL\u018fS\u0130N\u0130 L\u0130DER K\u0130M\u0130 BA\u015eA VURDU"},"content":{"rendered":"\n<p>Bolqar\u0131stan\u0131n paytaxt\u0131 Sofiya \u015f\u0259h\u0259rind\u0259 ke\u00e7iril\u0259n \u00c7empionlar Liqas\u0131 turnirind\u0259 qrup m\u0259rh\u0259l\u0259sin\u0259 yekun vurulub. Az\u0259rbaycan t\u0259msil\u00e7isi &#8220;Zir\u0259&#8221; son mat\u00e7da \u0130srailin &#8220;Afula&#8221; komandas\u0131 il\u0259 he\u00e7-he\u00e7\u0259 oynay\u0131b &#8211; 2-2. Bu n\u0259tic\u0259d\u0259n sonra qrup m\u0259rh\u0259l\u0259sini lider kimi ba\u015fa vuran &#8220;Zir\u0259&#8221; play-off m\u0259rh\u0259l\u0259sin\u0259 v\u0259siq\u0259 qazan\u0131b. <\/p>\n\n\n\n<figure class=\"wp-block-gallery has-nested-images columns-default is-cropped wp-block-gallery-1 is-layout-flex wp-block-gallery-is-layout-flex\">\n<figure class=\"wp-block-image size-large\"><img fetchpriority=\"high\" decoding=\"async\" width=\"796\" height=\"1024\" data-id=\"3099\" src=\"https:\/\/minifootball.az\/mini\/wp-content\/uploads\/2025\/09\/turnir-cedveli-2-796x1024.jpg\" alt=\"\" class=\"wp-image-3099\" srcset=\"https:\/\/minifootball.az\/mini\/wp-content\/uploads\/2025\/09\/turnir-cedveli-2-796x1024.jpg 796w, https:\/\/minifootball.az\/mini\/wp-content\/uploads\/2025\/09\/turnir-cedveli-2-233x300.jpg 233w, https:\/\/minifootball.az\/mini\/wp-content\/uploads\/2025\/09\/turnir-cedveli-2-768x988.jpg 768w, https:\/\/minifootball.az\/mini\/wp-content\/uploads\/2025\/09\/turnir-cedveli-2-1194x1536.jpg 1194w, https:\/\/minifootball.az\/mini\/wp-content\/uploads\/2025\/09\/turnir-cedveli-2.jpg 1440w\" sizes=\"(max-width: 796px) 100vw, 796px\" \/><\/figure>\n<\/figure>\n","protected":false},"excerpt":{"rendered":"<p>Bolqar\u0131stan\u0131n paytaxt\u0131 Sofiya \u015f\u0259h\u0259rind\u0259 ke\u00e7iril\u0259n \u00c7empionlar Liqas\u0131 turnirind\u0259 qrup m\u0259rh\u0259l\u0259sin\u0259 yekun vurulub. Az\u0259rbaycan t\u0259msil\u00e7isi &#8220;Zir\u0259&#8221; son mat\u00e7da \u0130srailin &#8220;Afula&#8221; komandas\u0131 il\u0259 he\u00e7-he\u00e7\u0259 oynay\u0131b &#8211; 2-2. Bu n\u0259tic\u0259d\u0259n sonra qrup m\u0259rh\u0259l\u0259sini lider kimi ba\u015fa vuran &#8220;Zir\u0259&#8221; play-off m\u0259rh\u0259l\u0259sin\u0259 v\u0259siq\u0259 qazan\u0131b.<\/p>\n","protected":false},"author":2,"featured_media":3052,"comment_status":"closed","ping_status":"closed","sticky":false,"template":"","format":"standard","meta":{"_siteseo_robots_primary_cat":"none","footnotes":""},"categories":[3],"tags":[],"class_list":["post-3096","post","type-post","status-publish","format-standard","has-post-thumbnail","hentry","category-xeberler"],"_links":{"self":[{"href":"https:\/\/minifootball.az\/mini\/index.php?rest_route=\/wp\/v2\/posts\/3096","targetHints":{"allow":["GET"]}}],"collection":[{"href":"https:\/\/minifootball.az\/mini\/index.php?rest_route=\/wp\/v2\/posts"}],"about":[{"href":"https:\/\/minifootball.az\/mini\/index.php?rest_route=\/wp\/v2\/types\/post"}],"author":[{"embeddable":true,"href":"https:\/\/minifootball.az\/mini\/index.php?rest_route=\/wp\/v2\/users\/2"}],"replies":[{"embeddable":true,"href":"https:\/\/minifootball.az\/mini\/index.php?rest_route=%2Fwp%2Fv2%2Fcomments&post=3096"}],"version-history":[{"count":1,"href":"https:\/\/minifootball.az\/mini\/index.php?rest_route=\/wp\/v2\/posts\/3096\/revisions"}],"predecessor-version":[{"id":3100,"href":"https:\/\/minifootball.az\/mini\/index.php?rest_route=\/wp\/v2\/posts\/3096\/revisions\/3100"}],"wp:featuredmedia":[{"embeddable":true,"href":"https:\/\/minifootball.az\/mini\/index.php?rest_route=\/wp\/v2\/media\/3052"}],"wp:attachment":[{"href":"https:\/\/minifootball.az\/mini\/index.php?rest_route=%2Fwp%2Fv2%2Fmedia&parent=3096"}],"wp:term":[{"taxonomy":"category","embeddable":true,"href":"https:\/\/minifootball.az\/mini\/index.php?rest_route=%2Fwp%2Fv2%2Fcategories&post=3096"},{"taxonomy":"post_tag","embeddable":true,"href":"https:\/\/minifootball.az\/mini\/index.php?rest_route=%2Fwp%2Fv2%2Ftags&post=3096"}],"curies":[{"name":"wp","href":"https:\/\/api.w.org\/{rel}","templated":true}]}}