{"id":3140,"date":"2025-09-19T23:12:51","date_gmt":"2025-09-19T19:12:51","guid":{"rendered":"https:\/\/minifootball.az\/mini\/?p=3140"},"modified":"2025-09-19T23:12:54","modified_gmt":"2025-09-19T19:12:54","slug":"zire-cempionlar-liqasinda-mubarizeni-dayandirdi","status":"publish","type":"post","link":"https:\/\/minifootball.az\/mini\/?p=3140","title":{"rendered":"&#8220;ZiR\u018f&#8221; \u00c7EMP\u0130ONLAR L\u0130QASINDA M\u00dcBAR\u0130Z\u018fN\u0130 DAYANDIRDI"},"content":{"rendered":"\n<p>\u00c7empionlar Liqas\u0131n\u0131n 1\/4 final m\u0259rh\u0259l\u0259sind\u0259 Bolqar\u0131stan\u0131n \u201cTornovo\u201d Sofiya komandas\u0131 il\u0259 qar\u015f\u0131la\u015fan \u201cZir\u0259\u201d m\u0259\u011flub olaraq m\u00fcbariz\u0259ni dayand\u0131r\u0131b. Komandam\u0131z r\u0259qibin\u0259 0-3 hesab\u0131 il\u0259 m\u0259\u011flub olaraq \u00c7empionlar Liqas\u0131 il\u0259 vidala\u015f\u0131b. <\/p>\n\n\n\n<figure class=\"wp-block-gallery has-nested-images columns-default is-cropped wp-block-gallery-1 is-layout-flex wp-block-gallery-is-layout-flex\">\n<figure class=\"wp-block-image size-large\"><img fetchpriority=\"high\" decoding=\"async\" width=\"526\" height=\"526\" data-id=\"3143\" src=\"https:\/\/minifootball.az\/mini\/wp-content\/uploads\/2025\/09\/zire-meglub.jpg\" alt=\"\" class=\"wp-image-3143\" srcset=\"https:\/\/minifootball.az\/mini\/wp-content\/uploads\/2025\/09\/zire-meglub.jpg 526w, https:\/\/minifootball.az\/mini\/wp-content\/uploads\/2025\/09\/zire-meglub-300x300.jpg 300w, https:\/\/minifootball.az\/mini\/wp-content\/uploads\/2025\/09\/zire-meglub-150x150.jpg 150w, https:\/\/minifootball.az\/mini\/wp-content\/uploads\/2025\/09\/zire-meglub-75x75.jpg 75w\" sizes=\"(max-width: 526px) 100vw, 526px\" \/><\/figure>\n<\/figure>\n","protected":false},"excerpt":{"rendered":"<p>\u00c7empionlar Liqas\u0131n\u0131n 1\/4 final m\u0259rh\u0259l\u0259sind\u0259 Bolqar\u0131stan\u0131n \u201cTornovo\u201d Sofiya komandas\u0131 il\u0259 qar\u015f\u0131la\u015fan \u201cZir\u0259\u201d m\u0259\u011flub olaraq m\u00fcbariz\u0259ni dayand\u0131r\u0131b. Komandam\u0131z r\u0259qibin\u0259 0-3 hesab\u0131 il\u0259 m\u0259\u011flub olaraq \u00c7empionlar Liqas\u0131 il\u0259 vidala\u015f\u0131b.<\/p>\n","protected":false},"author":2,"featured_media":3058,"comment_status":"closed","ping_status":"closed","sticky":false,"template":"","format":"standard","meta":{"_siteseo_robots_primary_cat":"none","footnotes":""},"categories":[3],"tags":[],"class_list":["post-3140","post","type-post","status-publish","format-standard","has-post-thumbnail","hentry","category-xeberler"],"_links":{"self":[{"href":"https:\/\/minifootball.az\/mini\/index.php?rest_route=\/wp\/v2\/posts\/3140","targetHints":{"allow":["GET"]}}],"collection":[{"href":"https:\/\/minifootball.az\/mini\/index.php?rest_route=\/wp\/v2\/posts"}],"about":[{"href":"https:\/\/minifootball.az\/mini\/index.php?rest_route=\/wp\/v2\/types\/post"}],"author":[{"embeddable":true,"href":"https:\/\/minifootball.az\/mini\/index.php?rest_route=\/wp\/v2\/users\/2"}],"replies":[{"embeddable":true,"href":"https:\/\/minifootball.az\/mini\/index.php?rest_route=%2Fwp%2Fv2%2Fcomments&post=3140"}],"version-history":[{"count":1,"href":"https:\/\/minifootball.az\/mini\/index.php?rest_route=\/wp\/v2\/posts\/3140\/revisions"}],"predecessor-version":[{"id":3144,"href":"https:\/\/minifootball.az\/mini\/index.php?rest_route=\/wp\/v2\/posts\/3140\/revisions\/3144"}],"wp:featuredmedia":[{"embeddable":true,"href":"https:\/\/minifootball.az\/mini\/index.php?rest_route=\/wp\/v2\/media\/3058"}],"wp:attachment":[{"href":"https:\/\/minifootball.az\/mini\/index.php?rest_route=%2Fwp%2Fv2%2Fmedia&parent=3140"}],"wp:term":[{"taxonomy":"category","embeddable":true,"href":"https:\/\/minifootball.az\/mini\/index.php?rest_route=%2Fwp%2Fv2%2Fcategories&post=3140"},{"taxonomy":"post_tag","embeddable":true,"href":"https:\/\/minifootball.az\/mini\/index.php?rest_route=%2Fwp%2Fv2%2Ftags&post=3140"}],"curies":[{"name":"wp","href":"https:\/\/api.w.org\/{rel}","templated":true}]}}