{"id":3159,"date":"2025-10-03T09:49:45","date_gmt":"2025-10-03T05:49:45","guid":{"rendered":"https:\/\/minifootball.az\/mini\/?p=3159"},"modified":"2025-10-03T09:49:53","modified_gmt":"2025-10-03T05:49:53","slug":"azerbaycan-cempionatinin-puskatma-merasimi-kecirilib-fotolar","status":"publish","type":"post","link":"https:\/\/minifootball.az\/mini\/?p=3159","title":{"rendered":"AZ\u018fRBAYCAN \u00c7EMP\u0130ONATININ P\u00dc\u015eKATMA M\u018fRAS\u0130M\u0130 KE\u00c7\u0130R\u0130L\u0130B (FOTOLAR)"},"content":{"rendered":"\n<p>Minifutbol \u00fczr\u0259 Az\u0259rbaycan \u00e7empionat\u0131n\u0131n 2025\/2026 m\u00f6vs\u00fcm\u00fcn\u00fcn p\u00fc\u015fk\u00fc at\u0131l\u0131b<\/p>\n\n\n\n<p>Az\u0259rbaycan Minifutbol Federasiyas\u0131 2025\/2026 m\u00f6vs\u00fcm\u00fcn\u00fcn p\u00fc\u015fkatma m\u0259rasimini ke\u00e7irib. T\u0259dbird\u0259 federasiyan\u0131n icra\u00e7\u0131 vitse-prezidenti Taleh N\u0259sibov, milli komandan\u0131n \u00fczvl\u0259ri v\u0259 klublar\u0131n n\u00fcmay\u0259nd\u0259l\u0259ri i\u015ftirak edibl\u0259r.<\/p>\n\n\n\n<p>T\u0259dbird\u0259 bu il Bak\u0131da ke\u00e7irilmi\u015f v\u0259 Az\u0259rbaycan millisinin qalib oldu\u011fu d\u00fcnya \u00e7empionat\u0131 xat\u0131rlan\u0131b. Taleh N\u0259sibov \u00e7\u0131x\u0131\u015f\u0131nda \u00f6lk\u0259d\u0259 minifutbolun inki\u015faf etdiyini vur\u011fulay\u0131b v\u0259 yeni m\u00f6vs\u00fcmd\u0259 klublara u\u011furlar arzulay\u0131b.<\/p>\n\n\n\n<p>Yeni m\u00f6vs\u00fcmd\u0259 \u00f6lk\u0259 \u00e7empionat\u0131nda 16 komanda m\u00fcbariz\u0259 aparacaq. \u00c7empionat\u0131n I turunda qar\u015f\u0131la\u015facaq komandalar a\u015fa\u011f\u0131dak\u0131lard\u0131r:<br>\u2022 \u201cSumqay\u0131t\u201d \u2013 \u201cBuxar\u201d<br>\u2022 \u201cBak\u0131 145\u201d \u2013 \u201cD\u0130N \u0130dman C\u0259miyy\u0259ti\u201d<br>\u2022 \u201cL\u0259nk\u0259ran\u201d \u2013 \u201cAt\u0259\u015fgah Suraxan\u0131\u201d<br>\u2022 \u201cStart Bak\u0131\u201d \u2013 \u201cAznur\u201d<br>\u2022 \u201cSiy\u0259z\u0259n\u201d \u2013 \u201cG\u0259ncl\u0259rbirliyi\u201d<br>\u2022 \u201cBor\u00e7al\u0131\u201d \u2013 \u201cLerik\u201d<br>\u2022 \u201cC\u0259nub\u201d \u2013 \u201cGalaxy\u201d<br>\u2022 \u201cBirba\u015fa Bak\u0131\u201d \u2013 \u201cZir\u0259\u201d<\/p>\n\n\n\n<p>Qeyd ed\u0259k ki, Az\u0259rbaycan \u00e7empionat\u0131na oktyabr\u0131n 27-d\u0259 start veril\u0259c\u0259k.<\/p>\n\n\n\n<figure class=\"wp-block-image size-large\"><img fetchpriority=\"high\" decoding=\"async\" width=\"944\" height=\"1024\" src=\"https:\/\/minifootball.az\/mini\/wp-content\/uploads\/2025\/10\/SEKIL-2-944x1024.jpg\" alt=\"\" class=\"wp-image-3163\" srcset=\"https:\/\/minifootball.az\/mini\/wp-content\/uploads\/2025\/10\/SEKIL-2-944x1024.jpg 944w, https:\/\/minifootball.az\/mini\/wp-content\/uploads\/2025\/10\/SEKIL-2-277x300.jpg 277w, https:\/\/minifootball.az\/mini\/wp-content\/uploads\/2025\/10\/SEKIL-2-768x833.jpg 768w, https:\/\/minifootball.az\/mini\/wp-content\/uploads\/2025\/10\/SEKIL-2.jpg 1086w\" sizes=\"(max-width: 944px) 100vw, 944px\" \/><\/figure>\n\n\n\n<figure class=\"wp-block-image size-large\"><img decoding=\"async\" width=\"1024\" height=\"683\" src=\"https:\/\/minifootball.az\/mini\/wp-content\/uploads\/2025\/10\/SEKIL-1-1024x683.jpg\" alt=\"\" class=\"wp-image-3164\" srcset=\"https:\/\/minifootball.az\/mini\/wp-content\/uploads\/2025\/10\/SEKIL-1-1024x683.jpg 1024w, https:\/\/minifootball.az\/mini\/wp-content\/uploads\/2025\/10\/SEKIL-1-300x200.jpg 300w, https:\/\/minifootball.az\/mini\/wp-content\/uploads\/2025\/10\/SEKIL-1-768x512.jpg 768w, https:\/\/minifootball.az\/mini\/wp-content\/uploads\/2025\/10\/SEKIL-1-1536x1024.jpg 1536w, https:\/\/minifootball.az\/mini\/wp-content\/uploads\/2025\/10\/SEKIL-1.jpg 2048w\" sizes=\"(max-width: 1024px) 100vw, 1024px\" \/><\/figure>\n\n\n\n<figure class=\"wp-block-image size-large\"><img decoding=\"async\" width=\"1024\" height=\"683\" src=\"https:\/\/minifootball.az\/mini\/wp-content\/uploads\/2025\/10\/SEKIL-3-1024x683.jpg\" alt=\"\" class=\"wp-image-3165\" srcset=\"https:\/\/minifootball.az\/mini\/wp-content\/uploads\/2025\/10\/SEKIL-3-1024x683.jpg 1024w, https:\/\/minifootball.az\/mini\/wp-content\/uploads\/2025\/10\/SEKIL-3-300x200.jpg 300w, https:\/\/minifootball.az\/mini\/wp-content\/uploads\/2025\/10\/SEKIL-3-768x512.jpg 768w, https:\/\/minifootball.az\/mini\/wp-content\/uploads\/2025\/10\/SEKIL-3-1536x1024.jpg 1536w, https:\/\/minifootball.az\/mini\/wp-content\/uploads\/2025\/10\/SEKIL-3.jpg 2048w\" sizes=\"(max-width: 1024px) 100vw, 1024px\" \/><\/figure>\n\n\n\n<figure class=\"wp-block-image size-large\"><img loading=\"lazy\" decoding=\"async\" width=\"1024\" height=\"683\" src=\"https:\/\/minifootball.az\/mini\/wp-content\/uploads\/2025\/10\/SEKIL-4-1024x683.jpg\" alt=\"\" class=\"wp-image-3166\" srcset=\"https:\/\/minifootball.az\/mini\/wp-content\/uploads\/2025\/10\/SEKIL-4-1024x683.jpg 1024w, https:\/\/minifootball.az\/mini\/wp-content\/uploads\/2025\/10\/SEKIL-4-300x200.jpg 300w, https:\/\/minifootball.az\/mini\/wp-content\/uploads\/2025\/10\/SEKIL-4-768x512.jpg 768w, https:\/\/minifootball.az\/mini\/wp-content\/uploads\/2025\/10\/SEKIL-4-1536x1024.jpg 1536w, https:\/\/minifootball.az\/mini\/wp-content\/uploads\/2025\/10\/SEKIL-4.jpg 2048w\" sizes=\"(max-width: 1024px) 100vw, 1024px\" \/><\/figure>\n\n\n\n<figure class=\"wp-block-image size-large\"><img loading=\"lazy\" decoding=\"async\" width=\"1024\" height=\"683\" src=\"https:\/\/minifootball.az\/mini\/wp-content\/uploads\/2025\/10\/SEKIL-6-1024x683.jpg\" alt=\"\" class=\"wp-image-3167\" srcset=\"https:\/\/minifootball.az\/mini\/wp-content\/uploads\/2025\/10\/SEKIL-6-1024x683.jpg 1024w, https:\/\/minifootball.az\/mini\/wp-content\/uploads\/2025\/10\/SEKIL-6-300x200.jpg 300w, https:\/\/minifootball.az\/mini\/wp-content\/uploads\/2025\/10\/SEKIL-6-768x512.jpg 768w, https:\/\/minifootball.az\/mini\/wp-content\/uploads\/2025\/10\/SEKIL-6-1536x1024.jpg 1536w, https:\/\/minifootball.az\/mini\/wp-content\/uploads\/2025\/10\/SEKIL-6.jpg 2048w\" sizes=\"(max-width: 1024px) 100vw, 1024px\" \/><\/figure>\n\n\n\n<figure class=\"wp-block-image size-large\"><img loading=\"lazy\" decoding=\"async\" width=\"1024\" height=\"683\" src=\"https:\/\/minifootball.az\/mini\/wp-content\/uploads\/2025\/10\/SEKIL-7-1024x683.jpg\" alt=\"\" class=\"wp-image-3168\" srcset=\"https:\/\/minifootball.az\/mini\/wp-content\/uploads\/2025\/10\/SEKIL-7-1024x683.jpg 1024w, https:\/\/minifootball.az\/mini\/wp-content\/uploads\/2025\/10\/SEKIL-7-300x200.jpg 300w, https:\/\/minifootball.az\/mini\/wp-content\/uploads\/2025\/10\/SEKIL-7-768x512.jpg 768w, https:\/\/minifootball.az\/mini\/wp-content\/uploads\/2025\/10\/SEKIL-7-1536x1024.jpg 1536w, https:\/\/minifootball.az\/mini\/wp-content\/uploads\/2025\/10\/SEKIL-7.jpg 2048w\" sizes=\"(max-width: 1024px) 100vw, 1024px\" \/><\/figure>\n\n\n\n<figure class=\"wp-block-image size-large\"><img loading=\"lazy\" decoding=\"async\" width=\"1024\" height=\"683\" src=\"https:\/\/minifootball.az\/mini\/wp-content\/uploads\/2025\/10\/SEKIL-8-1024x683.jpg\" alt=\"\" class=\"wp-image-3169\" srcset=\"https:\/\/minifootball.az\/mini\/wp-content\/uploads\/2025\/10\/SEKIL-8-1024x683.jpg 1024w, https:\/\/minifootball.az\/mini\/wp-content\/uploads\/2025\/10\/SEKIL-8-300x200.jpg 300w, https:\/\/minifootball.az\/mini\/wp-content\/uploads\/2025\/10\/SEKIL-8-768x512.jpg 768w, https:\/\/minifootball.az\/mini\/wp-content\/uploads\/2025\/10\/SEKIL-8-1536x1024.jpg 1536w, https:\/\/minifootball.az\/mini\/wp-content\/uploads\/2025\/10\/SEKIL-8.jpg 2048w\" sizes=\"(max-width: 1024px) 100vw, 1024px\" \/><\/figure>\n\n\n\n<figure class=\"wp-block-image size-large\"><img loading=\"lazy\" decoding=\"async\" width=\"1024\" height=\"683\" src=\"https:\/\/minifootball.az\/mini\/wp-content\/uploads\/2025\/10\/SEKIL-9-1024x683.jpg\" alt=\"\" class=\"wp-image-3170\" srcset=\"https:\/\/minifootball.az\/mini\/wp-content\/uploads\/2025\/10\/SEKIL-9-1024x683.jpg 1024w, https:\/\/minifootball.az\/mini\/wp-content\/uploads\/2025\/10\/SEKIL-9-300x200.jpg 300w, https:\/\/minifootball.az\/mini\/wp-content\/uploads\/2025\/10\/SEKIL-9-768x512.jpg 768w, https:\/\/minifootball.az\/mini\/wp-content\/uploads\/2025\/10\/SEKIL-9-1536x1024.jpg 1536w, https:\/\/minifootball.az\/mini\/wp-content\/uploads\/2025\/10\/SEKIL-9.jpg 2048w\" sizes=\"(max-width: 1024px) 100vw, 1024px\" \/><\/figure>\n\n\n\n<figure class=\"wp-block-image size-large\"><img loading=\"lazy\" decoding=\"async\" width=\"1024\" height=\"683\" src=\"https:\/\/minifootball.az\/mini\/wp-content\/uploads\/2025\/10\/SEKIL-10-1024x683.jpg\" alt=\"\" class=\"wp-image-3171\" srcset=\"https:\/\/minifootball.az\/mini\/wp-content\/uploads\/2025\/10\/SEKIL-10-1024x683.jpg 1024w, https:\/\/minifootball.az\/mini\/wp-content\/uploads\/2025\/10\/SEKIL-10-300x200.jpg 300w, https:\/\/minifootball.az\/mini\/wp-content\/uploads\/2025\/10\/SEKIL-10-768x512.jpg 768w, https:\/\/minifootball.az\/mini\/wp-content\/uploads\/2025\/10\/SEKIL-10-1536x1024.jpg 1536w, https:\/\/minifootball.az\/mini\/wp-content\/uploads\/2025\/10\/SEKIL-10.jpg 2048w\" sizes=\"(max-width: 1024px) 100vw, 1024px\" \/><\/figure>\n\n\n\n<figure class=\"wp-block-image size-large\"><img loading=\"lazy\" decoding=\"async\" width=\"1024\" height=\"683\" src=\"https:\/\/minifootball.az\/mini\/wp-content\/uploads\/2025\/10\/SEKIL-11-1024x683.jpg\" alt=\"\" class=\"wp-image-3172\" srcset=\"https:\/\/minifootball.az\/mini\/wp-content\/uploads\/2025\/10\/SEKIL-11-1024x683.jpg 1024w, https:\/\/minifootball.az\/mini\/wp-content\/uploads\/2025\/10\/SEKIL-11-300x200.jpg 300w, https:\/\/minifootball.az\/mini\/wp-content\/uploads\/2025\/10\/SEKIL-11-768x512.jpg 768w, https:\/\/minifootball.az\/mini\/wp-content\/uploads\/2025\/10\/SEKIL-11-1536x1024.jpg 1536w, https:\/\/minifootball.az\/mini\/wp-content\/uploads\/2025\/10\/SEKIL-11.jpg 2048w\" sizes=\"(max-width: 1024px) 100vw, 1024px\" \/><\/figure>\n\n\n\n<figure class=\"wp-block-image size-large\"><img loading=\"lazy\" decoding=\"async\" width=\"1024\" height=\"683\" src=\"https:\/\/minifootball.az\/mini\/wp-content\/uploads\/2025\/10\/SEKIL-12-1024x683.jpg\" alt=\"\" class=\"wp-image-3173\" srcset=\"https:\/\/minifootball.az\/mini\/wp-content\/uploads\/2025\/10\/SEKIL-12-1024x683.jpg 1024w, https:\/\/minifootball.az\/mini\/wp-content\/uploads\/2025\/10\/SEKIL-12-300x200.jpg 300w, https:\/\/minifootball.az\/mini\/wp-content\/uploads\/2025\/10\/SEKIL-12-768x512.jpg 768w, https:\/\/minifootball.az\/mini\/wp-content\/uploads\/2025\/10\/SEKIL-12-1536x1024.jpg 1536w, https:\/\/minifootball.az\/mini\/wp-content\/uploads\/2025\/10\/SEKIL-12.jpg 2048w\" sizes=\"(max-width: 1024px) 100vw, 1024px\" \/><\/figure>\n\n\n\n<figure class=\"wp-block-image size-large\"><img loading=\"lazy\" decoding=\"async\" width=\"1024\" height=\"683\" src=\"https:\/\/minifootball.az\/mini\/wp-content\/uploads\/2025\/10\/SEKIL-13-1024x683.jpg\" alt=\"\" class=\"wp-image-3174\" srcset=\"https:\/\/minifootball.az\/mini\/wp-content\/uploads\/2025\/10\/SEKIL-13-1024x683.jpg 1024w, https:\/\/minifootball.az\/mini\/wp-content\/uploads\/2025\/10\/SEKIL-13-300x200.jpg 300w, https:\/\/minifootball.az\/mini\/wp-content\/uploads\/2025\/10\/SEKIL-13-768x512.jpg 768w, https:\/\/minifootball.az\/mini\/wp-content\/uploads\/2025\/10\/SEKIL-13-1536x1024.jpg 1536w, https:\/\/minifootball.az\/mini\/wp-content\/uploads\/2025\/10\/SEKIL-13.jpg 2048w\" sizes=\"(max-width: 1024px) 100vw, 1024px\" \/><\/figure>\n\n\n\n<figure class=\"wp-block-image size-large\"><img loading=\"lazy\" decoding=\"async\" width=\"1024\" height=\"683\" src=\"https:\/\/minifootball.az\/mini\/wp-content\/uploads\/2025\/10\/SEKIL-14-1024x683.jpg\" alt=\"\" class=\"wp-image-3175\" srcset=\"https:\/\/minifootball.az\/mini\/wp-content\/uploads\/2025\/10\/SEKIL-14-1024x683.jpg 1024w, https:\/\/minifootball.az\/mini\/wp-content\/uploads\/2025\/10\/SEKIL-14-300x200.jpg 300w, https:\/\/minifootball.az\/mini\/wp-content\/uploads\/2025\/10\/SEKIL-14-768x512.jpg 768w, https:\/\/minifootball.az\/mini\/wp-content\/uploads\/2025\/10\/SEKIL-14-1536x1024.jpg 1536w, https:\/\/minifootball.az\/mini\/wp-content\/uploads\/2025\/10\/SEKIL-14.jpg 2048w\" sizes=\"(max-width: 1024px) 100vw, 1024px\" \/><\/figure>\n","protected":false},"excerpt":{"rendered":"<p>Minifutbol \u00fczr\u0259 Az\u0259rbaycan \u00e7empionat\u0131n\u0131n 2025\/2026 m\u00f6vs\u00fcm\u00fcn\u00fcn p\u00fc\u015fk\u00fc at\u0131l\u0131b Az\u0259rbaycan Minifutbol Federasiyas\u0131 2025\/2026 m\u00f6vs\u00fcm\u00fcn\u00fcn p\u00fc\u015fkatma m\u0259rasimini ke\u00e7irib. T\u0259dbird\u0259 federasiyan\u0131n icra\u00e7\u0131 vitse-prezidenti Taleh N\u0259sibov, milli komandan\u0131n \u00fczvl\u0259ri v\u0259 klublar\u0131n n\u00fcmay\u0259nd\u0259l\u0259ri i\u015ftirak edibl\u0259r. T\u0259dbird\u0259 bu il Bak\u0131da ke\u00e7irilmi\u015f v\u0259 Az\u0259rbaycan millisinin qalib oldu\u011fu d\u00fcnya \u00e7empionat\u0131 xat\u0131rlan\u0131b. Taleh N\u0259sibov \u00e7\u0131x\u0131\u015f\u0131nda \u00f6lk\u0259d\u0259 minifutbolun inki\u015faf etdiyini vur\u011fulay\u0131b v\u0259 yeni m\u00f6vs\u00fcmd\u0259 klublara u\u011furlar arzulay\u0131b. Yeni m\u00f6vs\u00fcmd\u0259 \u00f6lk\u0259 \u00e7empionat\u0131nda 16 komanda m\u00fcbariz\u0259 aparacaq. \u00c7empionat\u0131n I turunda qar\u015f\u0131la\u015facaq komandalar a\u015fa\u011f\u0131dak\u0131lard\u0131r:\u2022 \u201cSumqay\u0131t\u201d \u2013 \u201cBuxar\u201d\u2022 \u201cBak\u0131 145\u201d \u2013 \u201cD\u0130N \u0130dman C\u0259miyy\u0259ti\u201d\u2022 \u201cL\u0259nk\u0259ran\u201d \u2013 \u201cAt\u0259\u015fgah Suraxan\u0131\u201d\u2022 \u201cStart Bak\u0131\u201d \u2013 \u201cAznur\u201d\u2022 \u201cSiy\u0259z\u0259n\u201d \u2013 \u201cG\u0259ncl\u0259rbirliyi\u201d\u2022 \u201cBor\u00e7al\u0131\u201d \u2013 \u201cLerik\u201d\u2022 \u201cC\u0259nub\u201d \u2013 \u201cGalaxy\u201d\u2022 \u201cBirba\u015fa Bak\u0131\u201d \u2013 \u201cZir\u0259\u201d Qeyd ed\u0259k ki, Az\u0259rbaycan \u00e7empionat\u0131na oktyabr\u0131n 27-d\u0259 start veril\u0259c\u0259k.<\/p>\n","protected":false},"author":2,"featured_media":3162,"comment_status":"closed","ping_status":"closed","sticky":false,"template":"","format":"standard","meta":{"_siteseo_robots_primary_cat":"none","footnotes":""},"categories":[3],"tags":[],"class_list":["post-3159","post","type-post","status-publish","format-standard","has-post-thumbnail","hentry","category-xeberler"],"_links":{"self":[{"href":"https:\/\/minifootball.az\/mini\/index.php?rest_route=\/wp\/v2\/posts\/3159","targetHints":{"allow":["GET"]}}],"collection":[{"href":"https:\/\/minifootball.az\/mini\/index.php?rest_route=\/wp\/v2\/posts"}],"about":[{"href":"https:\/\/minifootball.az\/mini\/index.php?rest_route=\/wp\/v2\/types\/post"}],"author":[{"embeddable":true,"href":"https:\/\/minifootball.az\/mini\/index.php?rest_route=\/wp\/v2\/users\/2"}],"replies":[{"embeddable":true,"href":"https:\/\/minifootball.az\/mini\/index.php?rest_route=%2Fwp%2Fv2%2Fcomments&post=3159"}],"version-history":[{"count":1,"href":"https:\/\/minifootball.az\/mini\/index.php?rest_route=\/wp\/v2\/posts\/3159\/revisions"}],"predecessor-version":[{"id":3176,"href":"https:\/\/minifootball.az\/mini\/index.php?rest_route=\/wp\/v2\/posts\/3159\/revisions\/3176"}],"wp:featuredmedia":[{"embeddable":true,"href":"https:\/\/minifootball.az\/mini\/index.php?rest_route=\/wp\/v2\/media\/3162"}],"wp:attachment":[{"href":"https:\/\/minifootball.az\/mini\/index.php?rest_route=%2Fwp%2Fv2%2Fmedia&parent=3159"}],"wp:term":[{"taxonomy":"category","embeddable":true,"href":"https:\/\/minifootball.az\/mini\/index.php?rest_route=%2Fwp%2Fv2%2Fcategories&post=3159"},{"taxonomy":"post_tag","embeddable":true,"href":"https:\/\/minifootball.az\/mini\/index.php?rest_route=%2Fwp%2Fv2%2Ftags&post=3159"}],"curies":[{"name":"wp","href":"https:\/\/api.w.org\/{rel}","templated":true}]}}