{"id":3177,"date":"2025-10-28T14:41:22","date_gmt":"2025-10-28T10:41:22","guid":{"rendered":"https:\/\/minifootball.az\/mini\/?p=3177"},"modified":"2025-10-28T14:41:25","modified_gmt":"2025-10-28T10:41:25","slug":"bu-gun-olke-cempionatina-start-verilir","status":"publish","type":"post","link":"https:\/\/minifootball.az\/mini\/?p=3177","title":{"rendered":"BU G\u00dcN \u00d6LK\u018f \u00c7EMP\u0130ONATINA START VER\u0130L\u0130R"},"content":{"rendered":"\n<p>Oktyabr\u0131n 28-d\u0259 minifutbol \u00fczr\u0259 n\u00f6vb\u0259ti \u00f6lk\u0259 \u00e7empionat\u0131na stat veril\u0259c\u0259k. 16 komandan\u0131n m\u00fcbariz\u0259 aparaca\u011f\u0131 yar\u0131\u015f\u0131n b\u00fct\u00fcn oyunlar\u0131 Bak\u0131 Tennis Akademiyas\u0131n\u0131n meydan\u00e7as\u0131nda ke\u00e7iril\u0259c\u0259k. B\u00fct\u00fcn g\u00f6r\u00fc\u015fl\u0259ri AMF-nin <a href=\"https:\/\/www.facebook.com\/hashtag\/youtube?__eep__=6&amp;__cft__[0]=AZX3jcIH9MS7nu-5dsjjNUVxV4kh80Z44N1CxLwO4GW9KOa_wmCA5lSlHT-5oYjFkJ3aug7g-oiGDdCns28oPjzn3t-Nom9L8O9CQNlLB1OgbJRl3aemAemofgPdWHK8M2vDE-0pSfP4nlfQBcDVeZSaAucyx7ZkdxT-sQt1b2R0znksHGUTv3LyGALwmJ6wTgA&amp;__tn__=*NK-R\">#youtube<\/a> kanal\u0131ndan da canl\u0131 izl\u0259y\u0259 bil\u0259rsiniz.<\/p>\n","protected":false},"excerpt":{"rendered":"<p>Oktyabr\u0131n 28-d\u0259 minifutbol \u00fczr\u0259 n\u00f6vb\u0259ti \u00f6lk\u0259 \u00e7empionat\u0131na stat veril\u0259c\u0259k. 16 komandan\u0131n m\u00fcbariz\u0259 aparaca\u011f\u0131 yar\u0131\u015f\u0131n b\u00fct\u00fcn oyunlar\u0131 Bak\u0131 Tennis Akademiyas\u0131n\u0131n meydan\u00e7as\u0131nda ke\u00e7iril\u0259c\u0259k. B\u00fct\u00fcn g\u00f6r\u00fc\u015fl\u0259ri AMF-nin #youtube kanal\u0131ndan da canl\u0131 izl\u0259y\u0259 bil\u0259rsiniz.<\/p>\n","protected":false},"author":2,"featured_media":3180,"comment_status":"closed","ping_status":"closed","sticky":false,"template":"","format":"standard","meta":{"_siteseo_robots_primary_cat":"none","footnotes":""},"categories":[3],"tags":[],"class_list":["post-3177","post","type-post","status-publish","format-standard","has-post-thumbnail","hentry","category-xeberler"],"_links":{"self":[{"href":"https:\/\/minifootball.az\/mini\/index.php?rest_route=\/wp\/v2\/posts\/3177","targetHints":{"allow":["GET"]}}],"collection":[{"href":"https:\/\/minifootball.az\/mini\/index.php?rest_route=\/wp\/v2\/posts"}],"about":[{"href":"https:\/\/minifootball.az\/mini\/index.php?rest_route=\/wp\/v2\/types\/post"}],"author":[{"embeddable":true,"href":"https:\/\/minifootball.az\/mini\/index.php?rest_route=\/wp\/v2\/users\/2"}],"replies":[{"embeddable":true,"href":"https:\/\/minifootball.az\/mini\/index.php?rest_route=%2Fwp%2Fv2%2Fcomments&post=3177"}],"version-history":[{"count":1,"href":"https:\/\/minifootball.az\/mini\/index.php?rest_route=\/wp\/v2\/posts\/3177\/revisions"}],"predecessor-version":[{"id":3181,"href":"https:\/\/minifootball.az\/mini\/index.php?rest_route=\/wp\/v2\/posts\/3177\/revisions\/3181"}],"wp:featuredmedia":[{"embeddable":true,"href":"https:\/\/minifootball.az\/mini\/index.php?rest_route=\/wp\/v2\/media\/3180"}],"wp:attachment":[{"href":"https:\/\/minifootball.az\/mini\/index.php?rest_route=%2Fwp%2Fv2%2Fmedia&parent=3177"}],"wp:term":[{"taxonomy":"category","embeddable":true,"href":"https:\/\/minifootball.az\/mini\/index.php?rest_route=%2Fwp%2Fv2%2Fcategories&post=3177"},{"taxonomy":"post_tag","embeddable":true,"href":"https:\/\/minifootball.az\/mini\/index.php?rest_route=%2Fwp%2Fv2%2Ftags&post=3177"}],"curies":[{"name":"wp","href":"https:\/\/api.w.org\/{rel}","templated":true}]}}