{"id":3472,"date":"2025-12-10T13:27:54","date_gmt":"2025-12-10T09:27:54","guid":{"rendered":"https:\/\/minifootball.az\/mini\/?p=3472"},"modified":"2025-12-10T13:27:56","modified_gmt":"2025-12-10T09:27:56","slug":"azerbaycan-minifutbol-federasiyasi-novbeti-sponsorluq-muqavilesi-imzalayib","status":"publish","type":"post","link":"https:\/\/minifootball.az\/mini\/?p=3472","title":{"rendered":"AZ\u018fRBAYCAN M\u0130N\u0130FUTBOL FEDERAS\u0130YASI N\u00d6VB\u018fT\u0130 SPONSORLUQ M\u00dcQAV\u0130L\u018fS\u0130 \u0130MZALAYIB"},"content":{"rendered":"\n<p><strong>Az\u0259rbaycan Minifutbol Federasiyas\u0131 il\u0259 Ab\u015feron Ticar\u0259t M\u0259rk\u0259zi aras\u0131nda yeni sponsorluq m\u00fcqavil\u0259si imzalan\u0131b. M\u00fcqavil\u0259 federasiyan\u0131n r\u0259smi n\u00fcmay\u0259nd\u0259l\u0259ri il\u0259 ticar\u0259t m\u0259rk\u0259zinin r\u0259hb\u0259rliyi aras\u0131nda ke\u00e7iril\u0259n g\u00f6r\u00fc\u015f \u00e7\u0259r\u00e7iv\u0259sind\u0259 r\u0259smil\u0259\u015fdirilib.<\/strong><\/p>\n\n\n\n<p><strong>T\u0259dbird\u0259 Az\u0259rbaycan Minifutbol Federasiyas\u0131n\u0131n icra\u00e7\u0131 vitse-prezidenti Taleh N\u0259sibov v\u0259 Ab\u015feron Ticar\u0259t M\u0259rk\u0259zinin kommersiya direktoru Faiq M\u0259d\u0259tov i\u015ftirak edibl\u0259r. T\u0259r\u0259fl\u0259r aras\u0131nda imzalanm\u0131\u015f raz\u0131la\u015fmaya \u0259sas\u0259n, bundan sonra Az\u0259rbaycan minifutbol milli komandas\u0131n\u0131n r\u0259smi oyun formalar\u0131nda Ab\u015feron Ticar\u0259t M\u0259rk\u0259zinin ad\u0131 yer alacaq.<\/strong><\/p>\n\n\n\n<p><strong>Taleh N\u0259sibov \u00e7\u0131x\u0131\u015f\u0131nda bildirib ki, yeni \u0259m\u0259kda\u015fl\u0131q milli komandan\u0131n inki\u015faf\u0131na v\u0259 idman\u0131n geni\u015f t\u0259bli\u011fin\u0259 t\u00f6hf\u0259 ver\u0259c\u0259k:<\/strong><\/p>\n\n\n\n<p><strong>\u201cBiz bu \u0259m\u0259kda\u015fl\u0131\u011f\u0131 idmana d\u0259st\u0259yin v\u0259 sosial m\u0259suliyy\u0259tin n\u00fcmun\u0259si kimi qiym\u0259tl\u0259ndiririk. Ab\u015feron Ticar\u0259t M\u0259rk\u0259zi il\u0259 birg\u0259 f\u0259aliyy\u0259timiz h\u0259m federasiyam\u0131z, h\u0259m d\u0259 milli komandam\u0131z \u00fc\u00e7\u00fcn yeni imkanlar a\u00e7acaq.\u201d<\/strong><\/p>\n\n\n\n<p><strong>Ab\u015feron Ticar\u0259t M\u0259rk\u0259zinin kommersiya direktoru Faiq M\u0259d\u0259tov is\u0259 \u00f6z n\u00f6vb\u0259sind\u0259 bildirib:<\/strong><\/p>\n\n\n\n<p><strong>\u201cMinifutbolun \u00f6lk\u0259mizd\u0259 s\u00fcr\u0259tl\u0259 inki\u015faf etdiyini g\u00f6rm\u0259k \u00e7ox sevindiricidir. Biz bu prosesin bir par\u00e7as\u0131 olmaqdan m\u0259mnunuq v\u0259 milli komandam\u0131za g\u0259l\u0259c\u0259k yar\u0131\u015flarda u\u011furlar arzulay\u0131r\u0131q.\u201d<\/strong><\/p>\n\n\n\n<p><strong>T\u0259dbirin sonunda t\u0259r\u0259fl\u0259r qar\u015f\u0131l\u0131ql\u0131 \u0259m\u0259kda\u015fl\u0131\u011f\u0131n r\u0259mzi olaraq bir-birl\u0259rin\u0259 xatir\u0259 h\u0259diyy\u0259l\u0259ri t\u0259qdim edibl\u0259r.<\/strong><\/p>\n\n\n\n<figure class=\"wp-block-image size-large\"><img fetchpriority=\"high\" decoding=\"async\" width=\"1024\" height=\"682\" src=\"https:\/\/minifootball.az\/mini\/wp-content\/uploads\/2025\/12\/abseron-3-1024x682.jpg\" alt=\"\" class=\"wp-image-3476\" srcset=\"https:\/\/minifootball.az\/mini\/wp-content\/uploads\/2025\/12\/abseron-3-1024x682.jpg 1024w, https:\/\/minifootball.az\/mini\/wp-content\/uploads\/2025\/12\/abseron-3-300x200.jpg 300w, https:\/\/minifootball.az\/mini\/wp-content\/uploads\/2025\/12\/abseron-3-768x512.jpg 768w, https:\/\/minifootball.az\/mini\/wp-content\/uploads\/2025\/12\/abseron-3-1536x1024.jpg 1536w, https:\/\/minifootball.az\/mini\/wp-content\/uploads\/2025\/12\/abseron-3-2048x1365.jpg 2048w\" sizes=\"(max-width: 1024px) 100vw, 1024px\" \/><\/figure>\n\n\n\n<figure class=\"wp-block-image size-large\"><img decoding=\"async\" width=\"1024\" height=\"682\" src=\"https:\/\/minifootball.az\/mini\/wp-content\/uploads\/2025\/12\/abseron-4-1024x682.jpg\" alt=\"\" class=\"wp-image-3477\" srcset=\"https:\/\/minifootball.az\/mini\/wp-content\/uploads\/2025\/12\/abseron-4-1024x682.jpg 1024w, https:\/\/minifootball.az\/mini\/wp-content\/uploads\/2025\/12\/abseron-4-300x200.jpg 300w, https:\/\/minifootball.az\/mini\/wp-content\/uploads\/2025\/12\/abseron-4-768x512.jpg 768w, https:\/\/minifootball.az\/mini\/wp-content\/uploads\/2025\/12\/abseron-4-1536x1024.jpg 1536w, https:\/\/minifootball.az\/mini\/wp-content\/uploads\/2025\/12\/abseron-4-2048x1365.jpg 2048w\" sizes=\"(max-width: 1024px) 100vw, 1024px\" \/><\/figure>\n\n\n\n<figure class=\"wp-block-image size-large\"><img decoding=\"async\" width=\"1024\" height=\"682\" src=\"https:\/\/minifootball.az\/mini\/wp-content\/uploads\/2025\/12\/abseron-1-1024x682.jpg\" alt=\"\" class=\"wp-image-3478\" srcset=\"https:\/\/minifootball.az\/mini\/wp-content\/uploads\/2025\/12\/abseron-1-1024x682.jpg 1024w, https:\/\/minifootball.az\/mini\/wp-content\/uploads\/2025\/12\/abseron-1-300x200.jpg 300w, https:\/\/minifootball.az\/mini\/wp-content\/uploads\/2025\/12\/abseron-1-768x512.jpg 768w, https:\/\/minifootball.az\/mini\/wp-content\/uploads\/2025\/12\/abseron-1-1536x1024.jpg 1536w, https:\/\/minifootball.az\/mini\/wp-content\/uploads\/2025\/12\/abseron-1-2048x1365.jpg 2048w\" sizes=\"(max-width: 1024px) 100vw, 1024px\" \/><\/figure>\n","protected":false},"excerpt":{"rendered":"<p>Az\u0259rbaycan Minifutbol Federasiyas\u0131 il\u0259 Ab\u015feron Ticar\u0259t M\u0259rk\u0259zi aras\u0131nda yeni sponsorluq m\u00fcqavil\u0259si imzalan\u0131b. M\u00fcqavil\u0259 federasiyan\u0131n r\u0259smi n\u00fcmay\u0259nd\u0259l\u0259ri il\u0259 ticar\u0259t m\u0259rk\u0259zinin r\u0259hb\u0259rliyi aras\u0131nda ke\u00e7iril\u0259n g\u00f6r\u00fc\u015f \u00e7\u0259r\u00e7iv\u0259sind\u0259 r\u0259smil\u0259\u015fdirilib. T\u0259dbird\u0259 Az\u0259rbaycan Minifutbol Federasiyas\u0131n\u0131n icra\u00e7\u0131 vitse-prezidenti Taleh N\u0259sibov v\u0259 Ab\u015feron Ticar\u0259t M\u0259rk\u0259zinin kommersiya direktoru Faiq M\u0259d\u0259tov i\u015ftirak edibl\u0259r. T\u0259r\u0259fl\u0259r aras\u0131nda imzalanm\u0131\u015f raz\u0131la\u015fmaya \u0259sas\u0259n, bundan sonra Az\u0259rbaycan minifutbol milli komandas\u0131n\u0131n r\u0259smi oyun formalar\u0131nda Ab\u015feron Ticar\u0259t M\u0259rk\u0259zinin ad\u0131 yer alacaq. Taleh N\u0259sibov \u00e7\u0131x\u0131\u015f\u0131nda bildirib ki, yeni \u0259m\u0259kda\u015fl\u0131q milli komandan\u0131n inki\u015faf\u0131na v\u0259 idman\u0131n geni\u015f t\u0259bli\u011fin\u0259 t\u00f6hf\u0259 ver\u0259c\u0259k: \u201cBiz bu \u0259m\u0259kda\u015fl\u0131\u011f\u0131 idmana d\u0259st\u0259yin v\u0259 sosial m\u0259suliyy\u0259tin n\u00fcmun\u0259si kimi qiym\u0259tl\u0259ndiririk. Ab\u015feron Ticar\u0259t M\u0259rk\u0259zi il\u0259 birg\u0259 f\u0259aliyy\u0259timiz h\u0259m federasiyam\u0131z, h\u0259m d\u0259 milli komandam\u0131z \u00fc\u00e7\u00fcn yeni imkanlar a\u00e7acaq.\u201d Ab\u015feron Ticar\u0259t M\u0259rk\u0259zinin kommersiya direktoru Faiq M\u0259d\u0259tov is\u0259 \u00f6z n\u00f6vb\u0259sind\u0259 bildirib: \u201cMinifutbolun \u00f6lk\u0259mizd\u0259 s\u00fcr\u0259tl\u0259 inki\u015faf etdiyini g\u00f6rm\u0259k \u00e7ox sevindiricidir. Biz bu prosesin bir par\u00e7as\u0131 olmaqdan m\u0259mnunuq v\u0259 milli komandam\u0131za g\u0259l\u0259c\u0259k yar\u0131\u015flarda u\u011furlar arzulay\u0131r\u0131q.\u201d T\u0259dbirin sonunda t\u0259r\u0259fl\u0259r qar\u015f\u0131l\u0131ql\u0131 \u0259m\u0259kda\u015fl\u0131\u011f\u0131n r\u0259mzi olaraq bir-birl\u0259rin\u0259 xatir\u0259 h\u0259diyy\u0259l\u0259ri t\u0259qdim edibl\u0259r.<\/p>\n","protected":false},"author":2,"featured_media":3475,"comment_status":"closed","ping_status":"closed","sticky":false,"template":"","format":"standard","meta":{"_siteseo_robots_primary_cat":"none","footnotes":""},"categories":[3],"tags":[],"class_list":["post-3472","post","type-post","status-publish","format-standard","has-post-thumbnail","hentry","category-xeberler"],"_links":{"self":[{"href":"https:\/\/minifootball.az\/mini\/index.php?rest_route=\/wp\/v2\/posts\/3472","targetHints":{"allow":["GET"]}}],"collection":[{"href":"https:\/\/minifootball.az\/mini\/index.php?rest_route=\/wp\/v2\/posts"}],"about":[{"href":"https:\/\/minifootball.az\/mini\/index.php?rest_route=\/wp\/v2\/types\/post"}],"author":[{"embeddable":true,"href":"https:\/\/minifootball.az\/mini\/index.php?rest_route=\/wp\/v2\/users\/2"}],"replies":[{"embeddable":true,"href":"https:\/\/minifootball.az\/mini\/index.php?rest_route=%2Fwp%2Fv2%2Fcomments&post=3472"}],"version-history":[{"count":1,"href":"https:\/\/minifootball.az\/mini\/index.php?rest_route=\/wp\/v2\/posts\/3472\/revisions"}],"predecessor-version":[{"id":3479,"href":"https:\/\/minifootball.az\/mini\/index.php?rest_route=\/wp\/v2\/posts\/3472\/revisions\/3479"}],"wp:featuredmedia":[{"embeddable":true,"href":"https:\/\/minifootball.az\/mini\/index.php?rest_route=\/wp\/v2\/media\/3475"}],"wp:attachment":[{"href":"https:\/\/minifootball.az\/mini\/index.php?rest_route=%2Fwp%2Fv2%2Fmedia&parent=3472"}],"wp:term":[{"taxonomy":"category","embeddable":true,"href":"https:\/\/minifootball.az\/mini\/index.php?rest_route=%2Fwp%2Fv2%2Fcategories&post=3472"},{"taxonomy":"post_tag","embeddable":true,"href":"https:\/\/minifootball.az\/mini\/index.php?rest_route=%2Fwp%2Fv2%2Ftags&post=3472"}],"curies":[{"name":"wp","href":"https:\/\/api.w.org\/{rel}","templated":true}]}}