{"id":3530,"date":"2025-12-24T11:01:10","date_gmt":"2025-12-24T07:01:10","guid":{"rendered":"https:\/\/minifootball.az\/mini\/?p=3530"},"modified":"2025-12-24T11:01:13","modified_gmt":"2025-12-24T07:01:13","slug":"millimiz-2025-ci-ilin-en-yaxsi-komandasi-secildi-fotolar","status":"publish","type":"post","link":"https:\/\/minifootball.az\/mini\/?p=3530","title":{"rendered":"M\u0130LL\u0130M\u0130Z 2025-C\u0130 \u0130L\u0130N \u018fN YAX\u015eI KOMANDASI SE\u00c7\u0130LD\u0130 (FOTOLAR)"},"content":{"rendered":"\n<p><\/p>\n\n\n\n<p><a><\/a>Az\u0259rbaycan G\u0259ncl\u0259r v\u0259 \u0130dman Nazirliyi 2025-ci ilin yekunlar\u0131na \u0259sas\u0259n \u00f6lk\u0259nin idman sah\u0259sind\u0259 \u0259n yax\u015f\u0131lar\u0131n\u0131 a\u00e7\u0131qlay\u0131b. N\u0259tic\u0259l\u0259r\u0259 g\u00f6r\u0259, minifutbol \u00fczr\u0259 Az\u0259rbaycan milli komandas\u0131 v\u0259 komandam\u0131z\u0131n ba\u015f m\u0259\u015fq\u00e7isi El\u015fad Quliyev \u201cilin \u0259n yax\u015f\u0131s\u0131\u201d ad\u0131na layiq g\u00f6r\u00fcl\u00fcb.<\/p>\n\n\n\n<p>Bununla yana\u015f\u0131, Bak\u0131da y\u00fcks\u0259k t\u0259\u015fkilat\u00e7\u0131l\u0131q s\u0259viyy\u0259si il\u0259 ke\u00e7iril\u0259n minifutbol \u00fczr\u0259 d\u00fcnya \u00e7empionat\u0131 2025-ci ilin \u201c2-ci \u0259n yax\u015f\u0131 idman t\u0259dbiri\u201d se\u00e7ilib.<\/p>\n\n\n\n<figure class=\"wp-block-image size-large\"><img fetchpriority=\"high\" decoding=\"async\" width=\"768\" height=\"1024\" src=\"https:\/\/minifootball.az\/mini\/wp-content\/uploads\/2025\/12\/MILLI-2-768x1024.jpg\" alt=\"\" class=\"wp-image-3534\" srcset=\"https:\/\/minifootball.az\/mini\/wp-content\/uploads\/2025\/12\/MILLI-2-768x1024.jpg 768w, https:\/\/minifootball.az\/mini\/wp-content\/uploads\/2025\/12\/MILLI-2-225x300.jpg 225w, https:\/\/minifootball.az\/mini\/wp-content\/uploads\/2025\/12\/MILLI-2-1152x1536.jpg 1152w, https:\/\/minifootball.az\/mini\/wp-content\/uploads\/2025\/12\/MILLI-2.jpg 1200w\" sizes=\"(max-width: 768px) 100vw, 768px\" \/><\/figure>\n\n\n\n<figure class=\"wp-block-image size-large\"><img decoding=\"async\" width=\"1024\" height=\"683\" src=\"https:\/\/minifootball.az\/mini\/wp-content\/uploads\/2025\/12\/MILLI-3-1024x683.jpg\" alt=\"\" class=\"wp-image-3535\" srcset=\"https:\/\/minifootball.az\/mini\/wp-content\/uploads\/2025\/12\/MILLI-3-1024x683.jpg 1024w, https:\/\/minifootball.az\/mini\/wp-content\/uploads\/2025\/12\/MILLI-3-300x200.jpg 300w, https:\/\/minifootball.az\/mini\/wp-content\/uploads\/2025\/12\/MILLI-3-768x512.jpg 768w, https:\/\/minifootball.az\/mini\/wp-content\/uploads\/2025\/12\/MILLI-3.jpg 1280w\" sizes=\"(max-width: 1024px) 100vw, 1024px\" \/><\/figure>\n\n\n\n<figure class=\"wp-block-image size-large\"><img decoding=\"async\" width=\"1024\" height=\"683\" src=\"https:\/\/minifootball.az\/mini\/wp-content\/uploads\/2025\/12\/MILLI-4-1024x683.jpg\" alt=\"\" class=\"wp-image-3536\" srcset=\"https:\/\/minifootball.az\/mini\/wp-content\/uploads\/2025\/12\/MILLI-4-1024x683.jpg 1024w, https:\/\/minifootball.az\/mini\/wp-content\/uploads\/2025\/12\/MILLI-4-300x200.jpg 300w, https:\/\/minifootball.az\/mini\/wp-content\/uploads\/2025\/12\/MILLI-4-768x512.jpg 768w, https:\/\/minifootball.az\/mini\/wp-content\/uploads\/2025\/12\/MILLI-4.jpg 1280w\" sizes=\"(max-width: 1024px) 100vw, 1024px\" \/><\/figure>\n\n\n\n<figure class=\"wp-block-image size-large\"><img loading=\"lazy\" decoding=\"async\" width=\"1024\" height=\"683\" src=\"https:\/\/minifootball.az\/mini\/wp-content\/uploads\/2025\/12\/MILLI-5-1024x683.jpg\" alt=\"\" class=\"wp-image-3537\" srcset=\"https:\/\/minifootball.az\/mini\/wp-content\/uploads\/2025\/12\/MILLI-5-1024x683.jpg 1024w, https:\/\/minifootball.az\/mini\/wp-content\/uploads\/2025\/12\/MILLI-5-300x200.jpg 300w, https:\/\/minifootball.az\/mini\/wp-content\/uploads\/2025\/12\/MILLI-5-768x512.jpg 768w, https:\/\/minifootball.az\/mini\/wp-content\/uploads\/2025\/12\/MILLI-5.jpg 1280w\" sizes=\"(max-width: 1024px) 100vw, 1024px\" \/><\/figure>\n","protected":false},"excerpt":{"rendered":"<p>Az\u0259rbaycan G\u0259ncl\u0259r v\u0259 \u0130dman Nazirliyi 2025-ci ilin yekunlar\u0131na \u0259sas\u0259n \u00f6lk\u0259nin idman sah\u0259sind\u0259 \u0259n yax\u015f\u0131lar\u0131n\u0131 a\u00e7\u0131qlay\u0131b. N\u0259tic\u0259l\u0259r\u0259 g\u00f6r\u0259, minifutbol \u00fczr\u0259 Az\u0259rbaycan milli komandas\u0131 v\u0259 komandam\u0131z\u0131n ba\u015f m\u0259\u015fq\u00e7isi El\u015fad Quliyev \u201cilin \u0259n yax\u015f\u0131s\u0131\u201d ad\u0131na layiq g\u00f6r\u00fcl\u00fcb. Bununla yana\u015f\u0131, Bak\u0131da y\u00fcks\u0259k t\u0259\u015fkilat\u00e7\u0131l\u0131q s\u0259viyy\u0259si il\u0259 ke\u00e7iril\u0259n minifutbol \u00fczr\u0259 d\u00fcnya \u00e7empionat\u0131 2025-ci ilin \u201c2-ci \u0259n yax\u015f\u0131 idman t\u0259dbiri\u201d se\u00e7ilib.<\/p>\n","protected":false},"author":2,"featured_media":3533,"comment_status":"closed","ping_status":"closed","sticky":false,"template":"","format":"standard","meta":{"_siteseo_robots_primary_cat":"none","footnotes":""},"categories":[3],"tags":[],"class_list":["post-3530","post","type-post","status-publish","format-standard","has-post-thumbnail","hentry","category-xeberler"],"_links":{"self":[{"href":"https:\/\/minifootball.az\/mini\/index.php?rest_route=\/wp\/v2\/posts\/3530","targetHints":{"allow":["GET"]}}],"collection":[{"href":"https:\/\/minifootball.az\/mini\/index.php?rest_route=\/wp\/v2\/posts"}],"about":[{"href":"https:\/\/minifootball.az\/mini\/index.php?rest_route=\/wp\/v2\/types\/post"}],"author":[{"embeddable":true,"href":"https:\/\/minifootball.az\/mini\/index.php?rest_route=\/wp\/v2\/users\/2"}],"replies":[{"embeddable":true,"href":"https:\/\/minifootball.az\/mini\/index.php?rest_route=%2Fwp%2Fv2%2Fcomments&post=3530"}],"version-history":[{"count":1,"href":"https:\/\/minifootball.az\/mini\/index.php?rest_route=\/wp\/v2\/posts\/3530\/revisions"}],"predecessor-version":[{"id":3538,"href":"https:\/\/minifootball.az\/mini\/index.php?rest_route=\/wp\/v2\/posts\/3530\/revisions\/3538"}],"wp:featuredmedia":[{"embeddable":true,"href":"https:\/\/minifootball.az\/mini\/index.php?rest_route=\/wp\/v2\/media\/3533"}],"wp:attachment":[{"href":"https:\/\/minifootball.az\/mini\/index.php?rest_route=%2Fwp%2Fv2%2Fmedia&parent=3530"}],"wp:term":[{"taxonomy":"category","embeddable":true,"href":"https:\/\/minifootball.az\/mini\/index.php?rest_route=%2Fwp%2Fv2%2Fcategories&post=3530"},{"taxonomy":"post_tag","embeddable":true,"href":"https:\/\/minifootball.az\/mini\/index.php?rest_route=%2Fwp%2Fv2%2Ftags&post=3530"}],"curies":[{"name":"wp","href":"https:\/\/api.w.org\/{rel}","templated":true}]}}