{"id":3952,"date":"2026-04-27T14:17:09","date_gmt":"2026-04-27T10:17:09","guid":{"rendered":"https:\/\/minifootball.az\/mini\/?p=3952"},"modified":"2026-04-27T14:17:12","modified_gmt":"2026-04-27T10:17:12","slug":"millimiz-monteneqroya-yollandi","status":"publish","type":"post","link":"https:\/\/minifootball.az\/mini\/?p=3952","title":{"rendered":"M\u0130LL\u0130M\u0130Z MONTENEQROYA YOLLANDI"},"content":{"rendered":"\n<p>Minifutbol \u00fczr\u0259 milli komandam\u0131z Bak\u0131da t\u0259\u015fkil olunan bir h\u0259ft\u0259lik t\u0259lim-m\u0259\u015fq toplan\u0131\u015f\u0131n\u0131 u\u011furla ba\u015fa vurub. Komanda Avropa \u00e7empionat\u0131na haz\u0131rl\u0131q plan\u0131 \u00e7\u0259r\u00e7iv\u0259sind\u0259 Monteneqronun Her\u00e7eq Novi \u015f\u0259h\u0259rin\u0259 yollan\u0131b. Millimiz burada ke\u00e7iril\u0259c\u0259k mini-turnird\u0259 i\u015ftirak ed\u0259r\u0259k haz\u0131rl\u0131q m\u0259rh\u0259l\u0259sini yekunla\u015fd\u0131racaq. Qeyd ed\u0259k ki, minifutbol \u00fczr\u0259 Avropa \u00e7empionat\u0131 27 may \u2013 4 iyun tarixl\u0259rind\u0259 Slovakiyan\u0131n paytaxt\u0131 Bratislavada ke\u00e7iril\u0259c\u0259k<\/p>\n\n\n\n<p><\/p>\n","protected":false},"excerpt":{"rendered":"<p>Minifutbol \u00fczr\u0259 milli komandam\u0131z Bak\u0131da t\u0259\u015fkil olunan bir h\u0259ft\u0259lik t\u0259lim-m\u0259\u015fq toplan\u0131\u015f\u0131n\u0131 u\u011furla ba\u015fa vurub. Komanda Avropa \u00e7empionat\u0131na haz\u0131rl\u0131q plan\u0131 \u00e7\u0259r\u00e7iv\u0259sind\u0259 Monteneqronun Her\u00e7eq Novi \u015f\u0259h\u0259rin\u0259 yollan\u0131b. Millimiz burada ke\u00e7iril\u0259c\u0259k mini-turnird\u0259 i\u015ftirak ed\u0259r\u0259k haz\u0131rl\u0131q m\u0259rh\u0259l\u0259sini yekunla\u015fd\u0131racaq. Qeyd ed\u0259k ki, minifutbol \u00fczr\u0259 Avropa \u00e7empionat\u0131 27 may \u2013 4 iyun tarixl\u0259rind\u0259 Slovakiyan\u0131n paytaxt\u0131 Bratislavada ke\u00e7iril\u0259c\u0259k<\/p>\n","protected":false},"author":2,"featured_media":3955,"comment_status":"closed","ping_status":"closed","sticky":false,"template":"","format":"standard","meta":{"_siteseo_robots_primary_cat":"none","footnotes":""},"categories":[3],"tags":[],"class_list":["post-3952","post","type-post","status-publish","format-standard","has-post-thumbnail","hentry","category-xeberler"],"_links":{"self":[{"href":"https:\/\/minifootball.az\/mini\/index.php?rest_route=\/wp\/v2\/posts\/3952","targetHints":{"allow":["GET"]}}],"collection":[{"href":"https:\/\/minifootball.az\/mini\/index.php?rest_route=\/wp\/v2\/posts"}],"about":[{"href":"https:\/\/minifootball.az\/mini\/index.php?rest_route=\/wp\/v2\/types\/post"}],"author":[{"embeddable":true,"href":"https:\/\/minifootball.az\/mini\/index.php?rest_route=\/wp\/v2\/users\/2"}],"replies":[{"embeddable":true,"href":"https:\/\/minifootball.az\/mini\/index.php?rest_route=%2Fwp%2Fv2%2Fcomments&post=3952"}],"version-history":[{"count":1,"href":"https:\/\/minifootball.az\/mini\/index.php?rest_route=\/wp\/v2\/posts\/3952\/revisions"}],"predecessor-version":[{"id":3956,"href":"https:\/\/minifootball.az\/mini\/index.php?rest_route=\/wp\/v2\/posts\/3952\/revisions\/3956"}],"wp:featuredmedia":[{"embeddable":true,"href":"https:\/\/minifootball.az\/mini\/index.php?rest_route=\/wp\/v2\/media\/3955"}],"wp:attachment":[{"href":"https:\/\/minifootball.az\/mini\/index.php?rest_route=%2Fwp%2Fv2%2Fmedia&parent=3952"}],"wp:term":[{"taxonomy":"category","embeddable":true,"href":"https:\/\/minifootball.az\/mini\/index.php?rest_route=%2Fwp%2Fv2%2Fcategories&post=3952"},{"taxonomy":"post_tag","embeddable":true,"href":"https:\/\/minifootball.az\/mini\/index.php?rest_route=%2Fwp%2Fv2%2Ftags&post=3952"}],"curies":[{"name":"wp","href":"https:\/\/api.w.org\/{rel}","templated":true}]}}