{"id":3957,"date":"2026-04-28T11:04:13","date_gmt":"2026-04-28T07:04:13","guid":{"rendered":"https:\/\/minifootball.az\/mini\/?p=3957"},"modified":"2026-04-28T11:04:14","modified_gmt":"2026-04-28T07:04:14","slug":"millimiz-dunya-reytinqinde-liderliye-yukseldi","status":"publish","type":"post","link":"https:\/\/minifootball.az\/mini\/?p=3957","title":{"rendered":"M\u0130LL\u0130M\u0130Z D\u00dcNYA REYT\u0130NQ\u0130ND\u018f L\u0130DERL\u0130Y\u018f Y\u00dcKS\u018fLD\u0130"},"content":{"rendered":"\n<p>Minifutbol \u00fczr\u0259 Az\u0259rbaycan milli komandas\u0131 d\u00fcnya reytinqind\u0259 birinci pill\u0259y\u0259 y\u00fcks\u0259lib. D\u00fcnya Minifutbol Federasiyas\u0131 (WMF) milli komandalar\u0131n yeni reytinq c\u0259dv\u0259lini a\u00e7\u0131qlay\u0131b. Siyah\u0131n\u0131n ilk pill\u0259sind\u0259 son d\u00fcnya \u00e7empionat\u0131n\u0131n qalibi olan Az\u0259rbaycan millisi q\u0259rarla\u015f\u0131b. 4085 xal toplayan komandam\u0131z tarixind\u0259 ilk d\u0259f\u0259 olaraq bu u\u011fura imza at\u0131b.<\/p>\n\n\n\n<p>Reytinq c\u0259dv\u0259linin ikinci pill\u0259sind\u0259 3890 xalla son Avropa \u00e7empionu Serbiya millisi yer al\u0131r. \u0130lk \u00fc\u00e7l\u00fcy\u00fc is\u0259 3385 xalla Rum\u0131niya komandas\u0131 tamamlay\u0131r.<\/p>\n\n\n\n<figure class=\"wp-block-image size-full\"><img fetchpriority=\"high\" decoding=\"async\" width=\"750\" height=\"750\" src=\"https:\/\/minifootball.az\/mini\/wp-content\/uploads\/2026\/04\/REYTINQ-CEDVELI.jpg\" alt=\"\" class=\"wp-image-3961\" srcset=\"https:\/\/minifootball.az\/mini\/wp-content\/uploads\/2026\/04\/REYTINQ-CEDVELI.jpg 750w, https:\/\/minifootball.az\/mini\/wp-content\/uploads\/2026\/04\/REYTINQ-CEDVELI-300x300.jpg 300w, https:\/\/minifootball.az\/mini\/wp-content\/uploads\/2026\/04\/REYTINQ-CEDVELI-150x150.jpg 150w, https:\/\/minifootball.az\/mini\/wp-content\/uploads\/2026\/04\/REYTINQ-CEDVELI-75x75.jpg 75w\" sizes=\"(max-width: 750px) 100vw, 750px\" \/><\/figure>\n","protected":false},"excerpt":{"rendered":"<p>Minifutbol \u00fczr\u0259 Az\u0259rbaycan milli komandas\u0131 d\u00fcnya reytinqind\u0259 birinci pill\u0259y\u0259 y\u00fcks\u0259lib. D\u00fcnya Minifutbol Federasiyas\u0131 (WMF) milli komandalar\u0131n yeni reytinq c\u0259dv\u0259lini a\u00e7\u0131qlay\u0131b. Siyah\u0131n\u0131n ilk pill\u0259sind\u0259 son d\u00fcnya \u00e7empionat\u0131n\u0131n qalibi olan Az\u0259rbaycan millisi q\u0259rarla\u015f\u0131b. 4085 xal toplayan komandam\u0131z tarixind\u0259 ilk d\u0259f\u0259 olaraq bu u\u011fura imza at\u0131b. Reytinq c\u0259dv\u0259linin ikinci pill\u0259sind\u0259 3890 xalla son Avropa \u00e7empionu Serbiya millisi yer al\u0131r. \u0130lk \u00fc\u00e7l\u00fcy\u00fc is\u0259 3385 xalla Rum\u0131niya komandas\u0131 tamamlay\u0131r.<\/p>\n","protected":false},"author":2,"featured_media":3960,"comment_status":"closed","ping_status":"closed","sticky":false,"template":"","format":"standard","meta":{"_siteseo_robots_primary_cat":"none","footnotes":""},"categories":[3],"tags":[],"class_list":["post-3957","post","type-post","status-publish","format-standard","has-post-thumbnail","hentry","category-xeberler"],"_links":{"self":[{"href":"https:\/\/minifootball.az\/mini\/index.php?rest_route=\/wp\/v2\/posts\/3957","targetHints":{"allow":["GET"]}}],"collection":[{"href":"https:\/\/minifootball.az\/mini\/index.php?rest_route=\/wp\/v2\/posts"}],"about":[{"href":"https:\/\/minifootball.az\/mini\/index.php?rest_route=\/wp\/v2\/types\/post"}],"author":[{"embeddable":true,"href":"https:\/\/minifootball.az\/mini\/index.php?rest_route=\/wp\/v2\/users\/2"}],"replies":[{"embeddable":true,"href":"https:\/\/minifootball.az\/mini\/index.php?rest_route=%2Fwp%2Fv2%2Fcomments&post=3957"}],"version-history":[{"count":1,"href":"https:\/\/minifootball.az\/mini\/index.php?rest_route=\/wp\/v2\/posts\/3957\/revisions"}],"predecessor-version":[{"id":3962,"href":"https:\/\/minifootball.az\/mini\/index.php?rest_route=\/wp\/v2\/posts\/3957\/revisions\/3962"}],"wp:featuredmedia":[{"embeddable":true,"href":"https:\/\/minifootball.az\/mini\/index.php?rest_route=\/wp\/v2\/media\/3960"}],"wp:attachment":[{"href":"https:\/\/minifootball.az\/mini\/index.php?rest_route=%2Fwp%2Fv2%2Fmedia&parent=3957"}],"wp:term":[{"taxonomy":"category","embeddable":true,"href":"https:\/\/minifootball.az\/mini\/index.php?rest_route=%2Fwp%2Fv2%2Fcategories&post=3957"},{"taxonomy":"post_tag","embeddable":true,"href":"https:\/\/minifootball.az\/mini\/index.php?rest_route=%2Fwp%2Fv2%2Ftags&post=3957"}],"curies":[{"name":"wp","href":"https:\/\/api.w.org\/{rel}","templated":true}]}}