{"id":825,"date":"2024-05-27T13:43:00","date_gmt":"2024-05-27T09:43:00","guid":{"rendered":"https:\/\/minifootball.az\/mini\/?p=825"},"modified":"2024-05-27T13:43:02","modified_gmt":"2024-05-27T09:43:02","slug":"millimizin-avropa-cempionati-ucun-heyeti-aciqlandi","status":"publish","type":"post","link":"https:\/\/minifootball.az\/mini\/?p=825","title":{"rendered":"M\u0130LL\u0130M\u0130Z\u0130N AVROPA \u00c7EMP\u0130ONATI \u00dc\u00c7\u00dcN HEY\u018fT\u0130 A\u00c7IQLANDI"},"content":{"rendered":"\n<p>Az\u0259rbaycan\u0131n minifutbol millisinin Bosniya v\u0259 Herseqovinan\u0131n paytaxt\u0131 Sarayevoda ke\u00e7iril\u0259c\u0259k Avropa \u00e7empionat\u0131 \u00fc\u00e7\u00fcn hey\u0259ti b\u0259lli olub. Y\u0131\u011fmam\u0131z qit\u0259nin \u0259n n\u00fcfuzlu yar\u0131\u015f\u0131na ba\u015f m\u0259\u015fq\u00e7i Elsad Quliyevin r\u0259hb\u0259rliyi il\u0259 bu futbol\u00e7ularla yollanacaq.<\/p>\n\n\n\n<p><strong>Qap\u0131\u00e7\u0131lar:&nbsp;<\/strong>V\u0259li Qafarov (\u201cBirba\u015fa Bak\u0131\u201d), Davud K\u0259rimi (\u201cZir\u0259\u201d)<\/p>\n\n\n\n<p><strong>M\u00fcdafi\u0259\u00e7il\u0259r:&nbsp;<\/strong>M\u00fcseyib V\u0259liyev, C\u0259f\u0259r C\u0259f\u0259rov (h\u0259r ikisi \u201cBirba\u015fa Bak\u0131\u201d), Tural M\u0259mm\u0259drzayev (\u201cOdlar Yurdu\u201d), Taleh Babayev (\u201cZir\u0259\u201d)<\/p>\n\n\n\n<p><strong>Yar\u0131mm\u00fcdafi\u0259\u00e7il\u0259r:&nbsp;<\/strong>Elvin \u018flizad\u0259, Mirmehdi Rzayev, V\u00fcsal \u0130sayev, T\u0259mkin X\u0259lilzad\u0259 (ham\u0131s\u0131 \u201cBirba\u015fa Bak\u0131\u201d), Kamran Q\u00fcrb\u0259tov (\u201cAznur\u201d), Ramiz \u00c7ovdarov, Mikay\u0131l \u018fliyev (h\u0259r ikisi \u201cZir\u0259\u201d);<\/p>\n\n\n\n<p><strong>H\u00fccum\u00e7ular:&nbsp;<\/strong>E\u015fqin Ta\u011f\u0131yev (\u201cBirba\u015fa Bak\u0131\u201d), B\u0259xtiyar Soltanov (\u201cOdlar Yurdu\u201d), Seymur M\u0259mm\u0259dov, R\u0259van K\u0259rimov, Samir H\u0259mz\u0259yev (ham\u0131s\u0131 \u201cZir\u0259\u201d)<\/p>\n\n\n\n<p>Qeyd ed\u0259k ki, millimiz iyunun 1-d\u0259n 8-\u0259 kimi ke\u00e7iril\u0259c\u0259k Avropa \u00e7empionat\u0131n\u0131n F qrupunda Fransa, \u0130taliya v\u0259 Bel\u00e7ika il\u0259 qar\u015f\u0131la\u015facaq.<\/p>\n","protected":false},"excerpt":{"rendered":"<p>Az\u0259rbaycan\u0131n minifutbol millisinin Bosniya v\u0259 Herseqovinan\u0131n paytaxt\u0131 Sarayevoda ke\u00e7iril\u0259c\u0259k Avropa \u00e7empionat\u0131 \u00fc\u00e7\u00fcn hey\u0259ti b\u0259lli olub. Y\u0131\u011fmam\u0131z qit\u0259nin \u0259n n\u00fcfuzlu yar\u0131\u015f\u0131na ba\u015f m\u0259\u015fq\u00e7i Elsad Quliyevin r\u0259hb\u0259rliyi il\u0259 bu futbol\u00e7ularla yollanacaq. Qap\u0131\u00e7\u0131lar:&nbsp;V\u0259li Qafarov (\u201cBirba\u015fa Bak\u0131\u201d), Davud K\u0259rimi (\u201cZir\u0259\u201d) M\u00fcdafi\u0259\u00e7il\u0259r:&nbsp;M\u00fcseyib V\u0259liyev, C\u0259f\u0259r C\u0259f\u0259rov (h\u0259r ikisi \u201cBirba\u015fa Bak\u0131\u201d), Tural M\u0259mm\u0259drzayev (\u201cOdlar Yurdu\u201d), Taleh Babayev (\u201cZir\u0259\u201d) Yar\u0131mm\u00fcdafi\u0259\u00e7il\u0259r:&nbsp;Elvin \u018flizad\u0259, Mirmehdi Rzayev, V\u00fcsal \u0130sayev, T\u0259mkin X\u0259lilzad\u0259 (ham\u0131s\u0131 \u201cBirba\u015fa Bak\u0131\u201d), Kamran Q\u00fcrb\u0259tov (\u201cAznur\u201d), Ramiz \u00c7ovdarov, Mikay\u0131l \u018fliyev (h\u0259r ikisi \u201cZir\u0259\u201d); H\u00fccum\u00e7ular:&nbsp;E\u015fqin Ta\u011f\u0131yev (\u201cBirba\u015fa Bak\u0131\u201d), B\u0259xtiyar Soltanov (\u201cOdlar Yurdu\u201d), Seymur M\u0259mm\u0259dov, R\u0259van K\u0259rimov, Samir H\u0259mz\u0259yev (ham\u0131s\u0131 \u201cZir\u0259\u201d) Qeyd ed\u0259k ki, millimiz iyunun 1-d\u0259n 8-\u0259 kimi ke\u00e7iril\u0259c\u0259k Avropa \u00e7empionat\u0131n\u0131n F qrupunda Fransa, \u0130taliya v\u0259 Bel\u00e7ika il\u0259 qar\u015f\u0131la\u015facaq.<\/p>\n","protected":false},"author":2,"featured_media":180,"comment_status":"closed","ping_status":"closed","sticky":false,"template":"","format":"standard","meta":{"_siteseo_robots_primary_cat":"none","footnotes":""},"categories":[3],"tags":[],"class_list":["post-825","post","type-post","status-publish","format-standard","has-post-thumbnail","hentry","category-xeberler"],"_links":{"self":[{"href":"https:\/\/minifootball.az\/mini\/index.php?rest_route=\/wp\/v2\/posts\/825","targetHints":{"allow":["GET"]}}],"collection":[{"href":"https:\/\/minifootball.az\/mini\/index.php?rest_route=\/wp\/v2\/posts"}],"about":[{"href":"https:\/\/minifootball.az\/mini\/index.php?rest_route=\/wp\/v2\/types\/post"}],"author":[{"embeddable":true,"href":"https:\/\/minifootball.az\/mini\/index.php?rest_route=\/wp\/v2\/users\/2"}],"replies":[{"embeddable":true,"href":"https:\/\/minifootball.az\/mini\/index.php?rest_route=%2Fwp%2Fv2%2Fcomments&post=825"}],"version-history":[{"count":1,"href":"https:\/\/minifootball.az\/mini\/index.php?rest_route=\/wp\/v2\/posts\/825\/revisions"}],"predecessor-version":[{"id":828,"href":"https:\/\/minifootball.az\/mini\/index.php?rest_route=\/wp\/v2\/posts\/825\/revisions\/828"}],"wp:featuredmedia":[{"embeddable":true,"href":"https:\/\/minifootball.az\/mini\/index.php?rest_route=\/wp\/v2\/media\/180"}],"wp:attachment":[{"href":"https:\/\/minifootball.az\/mini\/index.php?rest_route=%2Fwp%2Fv2%2Fmedia&parent=825"}],"wp:term":[{"taxonomy":"category","embeddable":true,"href":"https:\/\/minifootball.az\/mini\/index.php?rest_route=%2Fwp%2Fv2%2Fcategories&post=825"},{"taxonomy":"post_tag","embeddable":true,"href":"https:\/\/minifootball.az\/mini\/index.php?rest_route=%2Fwp%2Fv2%2Ftags&post=825"}],"curies":[{"name":"wp","href":"https:\/\/api.w.org\/{rel}","templated":true}]}}