{"id":829,"date":"2024-05-27T16:50:36","date_gmt":"2024-05-27T12:50:36","guid":{"rendered":"https:\/\/minifootball.az\/mini\/?p=829"},"modified":"2024-05-27T16:50:38","modified_gmt":"2024-05-27T12:50:38","slug":"millimizin-bas-mesqcisi-butun-diqqetler-bizim-uzerimizde-olacaq","status":"publish","type":"post","link":"https:\/\/minifootball.az\/mini\/?p=829","title":{"rendered":"M\u0130LL\u0130M\u0130Z\u0130N BA\u015e M\u018f\u015eQ\u00c7\u0130S\u0130: &#8220;B\u00dcT\u00dcN D\u0130QQ\u018fTL\u018fR B\u0130Z\u0130M \u00dcZ\u018fR\u0130M\u0130ZD\u018f OLACAQ&#8221;"},"content":{"rendered":"\n<p>Minifutbol \u00fczr\u0259 milli komandam\u0131z\u0131n ba\u015f m\u0259\u015fq\u00e7isi Avropa \u00e7empionat\u0131 \u00f6nc\u0259si jurnalistl\u0259rin suallar\u0131n\u0131 cavabland\u0131r\u0131b. M\u00fct\u0259x\u0259ssis \u0259sas h\u0259d\u0259fl\u0259rinin \u0259n az\u0131 finala \u00e7\u0131xmaq olduqlar\u0131n\u0131 deyib:<\/p>\n\n\n\n<p>\u201cB\u00fct\u00fcn diqq\u0259tl\u0259r bizim \u00fcz\u0259rimizd\u0259 olacaq. H\u0259d\u0259fimiz \u0259n az\u0131 finala \u00e7\u0131xmaqd\u0131r. G\u00fccl\u00fc komandalarla eyni qrupa d\u00fc\u015fm\u00fc\u015f\u00fck. Xat\u0131rlatmaq ist\u0259yir\u0259m ki, biz d\u0259 d\u00fcnya reytinqind\u0259 ikinci s\u0131rada q\u0259rarla\u015fm\u0131\u015f\u0131q. \u018fn g\u00fccl\u00fc komandalardan biri Az\u0259rbaycand\u0131r. \u0130tkisiz qrupu u\u011furla ba\u015fa vurmaq ist\u0259yirik. Qrupdak\u0131 \u00e7\u0131x\u0131\u015flar\u0131m\u0131zdan sonra nec\u0259 m\u00fcbariz\u0259 aparaca\u011f\u0131m\u0131z g\u00f6r\u00fcn\u0259c\u0259k. \u0130ki ayd\u0131r Avropa \u00e7empionat\u0131na haz\u0131rla\u015f\u0131r\u0131q. Bu m\u00fcdd\u0259t \u0259rzind\u0259 \u00e7empionat mat\u00e7lar\u0131 oldu\u011fu \u00fc\u00e7\u00fcn m\u0259\u015fql\u0259ri fasil\u0259l\u0259rl\u0259 edirdik. H\u0259r \u015fey qaydas\u0131ndad\u0131r. Komanda yax\u015f\u0131 v\u0259ziyy\u0259td\u0259dir. Sabah Bak\u0131dak\u0131 sonuncu m\u0259\u015fqimiz olacaq. Qar\u015f\u0131da bizi \u00e7\u0259tin oyunlar g\u00f6zl\u0259yir. \u0130n\u015fallah, haz\u0131rl\u0131qlar\u0131m\u0131z\u0131n b\u0259hr\u0259sini g\u00f6r\u0259c\u0259yik\u201d.<\/p>\n","protected":false},"excerpt":{"rendered":"<p>Minifutbol \u00fczr\u0259 milli komandam\u0131z\u0131n ba\u015f m\u0259\u015fq\u00e7isi Avropa \u00e7empionat\u0131 \u00f6nc\u0259si jurnalistl\u0259rin suallar\u0131n\u0131 cavabland\u0131r\u0131b. M\u00fct\u0259x\u0259ssis \u0259sas h\u0259d\u0259fl\u0259rinin \u0259n az\u0131 finala \u00e7\u0131xmaq olduqlar\u0131n\u0131 deyib: \u201cB\u00fct\u00fcn diqq\u0259tl\u0259r bizim \u00fcz\u0259rimizd\u0259 olacaq. H\u0259d\u0259fimiz \u0259n az\u0131 finala \u00e7\u0131xmaqd\u0131r. G\u00fccl\u00fc komandalarla eyni qrupa d\u00fc\u015fm\u00fc\u015f\u00fck. Xat\u0131rlatmaq ist\u0259yir\u0259m ki, biz d\u0259 d\u00fcnya reytinqind\u0259 ikinci s\u0131rada q\u0259rarla\u015fm\u0131\u015f\u0131q. \u018fn g\u00fccl\u00fc komandalardan biri Az\u0259rbaycand\u0131r. \u0130tkisiz qrupu u\u011furla ba\u015fa vurmaq ist\u0259yirik. Qrupdak\u0131 \u00e7\u0131x\u0131\u015flar\u0131m\u0131zdan sonra nec\u0259 m\u00fcbariz\u0259 aparaca\u011f\u0131m\u0131z g\u00f6r\u00fcn\u0259c\u0259k. \u0130ki ayd\u0131r Avropa \u00e7empionat\u0131na haz\u0131rla\u015f\u0131r\u0131q. Bu m\u00fcdd\u0259t \u0259rzind\u0259 \u00e7empionat mat\u00e7lar\u0131 oldu\u011fu \u00fc\u00e7\u00fcn m\u0259\u015fql\u0259ri fasil\u0259l\u0259rl\u0259 edirdik. H\u0259r \u015fey qaydas\u0131ndad\u0131r. Komanda yax\u015f\u0131 v\u0259ziyy\u0259td\u0259dir. Sabah Bak\u0131dak\u0131 sonuncu m\u0259\u015fqimiz olacaq. Qar\u015f\u0131da bizi \u00e7\u0259tin oyunlar g\u00f6zl\u0259yir. \u0130n\u015fallah, haz\u0131rl\u0131qlar\u0131m\u0131z\u0131n b\u0259hr\u0259sini g\u00f6r\u0259c\u0259yik\u201d.<\/p>\n","protected":false},"author":2,"featured_media":832,"comment_status":"closed","ping_status":"closed","sticky":false,"template":"","format":"standard","meta":{"_siteseo_robots_primary_cat":"none","footnotes":""},"categories":[3],"tags":[],"class_list":["post-829","post","type-post","status-publish","format-standard","has-post-thumbnail","hentry","category-xeberler"],"_links":{"self":[{"href":"https:\/\/minifootball.az\/mini\/index.php?rest_route=\/wp\/v2\/posts\/829","targetHints":{"allow":["GET"]}}],"collection":[{"href":"https:\/\/minifootball.az\/mini\/index.php?rest_route=\/wp\/v2\/posts"}],"about":[{"href":"https:\/\/minifootball.az\/mini\/index.php?rest_route=\/wp\/v2\/types\/post"}],"author":[{"embeddable":true,"href":"https:\/\/minifootball.az\/mini\/index.php?rest_route=\/wp\/v2\/users\/2"}],"replies":[{"embeddable":true,"href":"https:\/\/minifootball.az\/mini\/index.php?rest_route=%2Fwp%2Fv2%2Fcomments&post=829"}],"version-history":[{"count":1,"href":"https:\/\/minifootball.az\/mini\/index.php?rest_route=\/wp\/v2\/posts\/829\/revisions"}],"predecessor-version":[{"id":833,"href":"https:\/\/minifootball.az\/mini\/index.php?rest_route=\/wp\/v2\/posts\/829\/revisions\/833"}],"wp:featuredmedia":[{"embeddable":true,"href":"https:\/\/minifootball.az\/mini\/index.php?rest_route=\/wp\/v2\/media\/832"}],"wp:attachment":[{"href":"https:\/\/minifootball.az\/mini\/index.php?rest_route=%2Fwp%2Fv2%2Fmedia&parent=829"}],"wp:term":[{"taxonomy":"category","embeddable":true,"href":"https:\/\/minifootball.az\/mini\/index.php?rest_route=%2Fwp%2Fv2%2Fcategories&post=829"},{"taxonomy":"post_tag","embeddable":true,"href":"https:\/\/minifootball.az\/mini\/index.php?rest_route=%2Fwp%2Fv2%2Ftags&post=829"}],"curies":[{"name":"wp","href":"https:\/\/api.w.org\/{rel}","templated":true}]}}