{"id":834,"date":"2024-05-27T16:57:20","date_gmt":"2024-05-27T12:57:20","guid":{"rendered":"https:\/\/minifootball.az\/mini\/?p=834"},"modified":"2024-05-27T16:57:22","modified_gmt":"2024-05-27T12:57:22","slug":"taleh-nesibov-avropa-cempionatinin-kubokunu-yeniden-azerbaycana-getirmek-isteyirik","status":"publish","type":"post","link":"https:\/\/minifootball.az\/mini\/?p=834","title":{"rendered":"TALEH N\u018fS\u0130BOV: &#8220;AVROPA \u00c7EMP\u0130ONATININ KUBOKUNU YEN\u0130D\u018fN AZ\u018fRBAYCANA G\u018fT\u0130RM\u018fK \u0130ST\u018fY\u0130R\u0130K&#8221;"},"content":{"rendered":"\n<p>Az\u0259rbaycan minifutbol millisinin vitse-prezidenti Taleh N\u0259sibov y\u0131\u011fman\u0131n a\u00e7\u0131q m\u0259\u015fqind\u0259n sonra jurnalistl\u0259r\u0259 a\u00e7\u0131qlama verib. O, \u0259sas h\u0259d\u0259fl\u0259rinin yenid\u0259n Avropa \u00e7empionlu\u011funu qazanmaq olduqlar\u0131n\u0131 deyib:<\/p>\n\n\n\n<p>\u201c\u0130st\u0259yimiz odur ki, 2022-ci ild\u0259 qazand\u0131\u011f\u0131m\u0131z u\u011furu yenid\u0259n t\u0259krarlayaq. Avropa \u00e7empionat\u0131n\u0131n kubokunu Az\u0259rbaycana g\u0259tirm\u0259k ist\u0259yirik. Y\u0131\u011fmam\u0131z \u00fc\u00e7\u00fcn h\u0259r c\u00fcr \u015f\u0259rait yarad\u0131l\u0131b. Dig\u0259r \u00f6lk\u0259l\u0259rin millil\u0259ri y\u0131\u011fmam\u0131z\u0131 yar\u0131\u015f\u0131n favoriti hesab edirl\u0259r. Onlar biziml\u0259 oyuna daha ciddi haz\u0131rla\u015f\u0131rlar. Millimizin \u00fczvl\u0259rinin h\u0259r biri Az\u0259rbaycan \u00e7empionat\u0131nda \u00e7\u0131x\u0131\u015f edir v\u0259 g\u00f6r\u00fc\u015fl\u0259r internet vasit\u0259si il\u0259 canl\u0131 yay\u0131mlan\u0131r. Bu is\u0259 o dem\u0259kdir ki, dig\u0259r \u00f6lk\u0259l\u0259r oyun\u00e7ular\u0131m\u0131z\u0131n \u00e7\u0131x\u0131\u015f\u0131n\u0131 ciddi \u015f\u0259kild\u0259 t\u0259hlil edirl\u0259r. Bel\u00e7ika, Fransa v\u0259 \u0130taliya y\u0131\u011fmalar\u0131 il\u0259 m\u00fcbariz\u0259d\u0259 maksimum n\u0259tic\u0259 g\u00f6st\u0259r\u0259c\u0259yimiz\u0259 inan\u0131ram\u201d.<\/p>\n\n\n\n<p><\/p>\n","protected":false},"excerpt":{"rendered":"<p>Az\u0259rbaycan minifutbol millisinin vitse-prezidenti Taleh N\u0259sibov y\u0131\u011fman\u0131n a\u00e7\u0131q m\u0259\u015fqind\u0259n sonra jurnalistl\u0259r\u0259 a\u00e7\u0131qlama verib. O, \u0259sas h\u0259d\u0259fl\u0259rinin yenid\u0259n Avropa \u00e7empionlu\u011funu qazanmaq olduqlar\u0131n\u0131 deyib: \u201c\u0130st\u0259yimiz odur ki, 2022-ci ild\u0259 qazand\u0131\u011f\u0131m\u0131z u\u011furu yenid\u0259n t\u0259krarlayaq. Avropa \u00e7empionat\u0131n\u0131n kubokunu Az\u0259rbaycana g\u0259tirm\u0259k ist\u0259yirik. Y\u0131\u011fmam\u0131z \u00fc\u00e7\u00fcn h\u0259r c\u00fcr \u015f\u0259rait yarad\u0131l\u0131b. Dig\u0259r \u00f6lk\u0259l\u0259rin millil\u0259ri y\u0131\u011fmam\u0131z\u0131 yar\u0131\u015f\u0131n favoriti hesab edirl\u0259r. Onlar biziml\u0259 oyuna daha ciddi haz\u0131rla\u015f\u0131rlar. Millimizin \u00fczvl\u0259rinin h\u0259r biri Az\u0259rbaycan \u00e7empionat\u0131nda \u00e7\u0131x\u0131\u015f edir v\u0259 g\u00f6r\u00fc\u015fl\u0259r internet vasit\u0259si il\u0259 canl\u0131 yay\u0131mlan\u0131r. Bu is\u0259 o dem\u0259kdir ki, dig\u0259r \u00f6lk\u0259l\u0259r oyun\u00e7ular\u0131m\u0131z\u0131n \u00e7\u0131x\u0131\u015f\u0131n\u0131 ciddi \u015f\u0259kild\u0259 t\u0259hlil edirl\u0259r. Bel\u00e7ika, Fransa v\u0259 \u0130taliya y\u0131\u011fmalar\u0131 il\u0259 m\u00fcbariz\u0259d\u0259 maksimum n\u0259tic\u0259 g\u00f6st\u0259r\u0259c\u0259yimiz\u0259 inan\u0131ram\u201d.<\/p>\n","protected":false},"author":2,"featured_media":837,"comment_status":"closed","ping_status":"closed","sticky":false,"template":"","format":"standard","meta":{"_siteseo_robots_primary_cat":"none","footnotes":""},"categories":[3],"tags":[],"class_list":["post-834","post","type-post","status-publish","format-standard","has-post-thumbnail","hentry","category-xeberler"],"_links":{"self":[{"href":"https:\/\/minifootball.az\/mini\/index.php?rest_route=\/wp\/v2\/posts\/834","targetHints":{"allow":["GET"]}}],"collection":[{"href":"https:\/\/minifootball.az\/mini\/index.php?rest_route=\/wp\/v2\/posts"}],"about":[{"href":"https:\/\/minifootball.az\/mini\/index.php?rest_route=\/wp\/v2\/types\/post"}],"author":[{"embeddable":true,"href":"https:\/\/minifootball.az\/mini\/index.php?rest_route=\/wp\/v2\/users\/2"}],"replies":[{"embeddable":true,"href":"https:\/\/minifootball.az\/mini\/index.php?rest_route=%2Fwp%2Fv2%2Fcomments&post=834"}],"version-history":[{"count":1,"href":"https:\/\/minifootball.az\/mini\/index.php?rest_route=\/wp\/v2\/posts\/834\/revisions"}],"predecessor-version":[{"id":838,"href":"https:\/\/minifootball.az\/mini\/index.php?rest_route=\/wp\/v2\/posts\/834\/revisions\/838"}],"wp:featuredmedia":[{"embeddable":true,"href":"https:\/\/minifootball.az\/mini\/index.php?rest_route=\/wp\/v2\/media\/837"}],"wp:attachment":[{"href":"https:\/\/minifootball.az\/mini\/index.php?rest_route=%2Fwp%2Fv2%2Fmedia&parent=834"}],"wp:term":[{"taxonomy":"category","embeddable":true,"href":"https:\/\/minifootball.az\/mini\/index.php?rest_route=%2Fwp%2Fv2%2Fcategories&post=834"},{"taxonomy":"post_tag","embeddable":true,"href":"https:\/\/minifootball.az\/mini\/index.php?rest_route=%2Fwp%2Fv2%2Ftags&post=834"}],"curies":[{"name":"wp","href":"https:\/\/api.w.org\/{rel}","templated":true}]}}