{"id":839,"date":"2024-05-27T17:06:25","date_gmt":"2024-05-27T13:06:25","guid":{"rendered":"https:\/\/minifootball.az\/mini\/?p=839"},"modified":"2024-05-27T17:06:27","modified_gmt":"2024-05-27T13:06:27","slug":"millimizin-kapitani-avropa-cempionu-kimi-azerbaycana-qayitmaq-isteyirik","status":"publish","type":"post","link":"https:\/\/minifootball.az\/mini\/?p=839","title":{"rendered":"M\u0130LL\u0130M\u0130Z\u0130N KAP\u0130TANI: \u201cAVROPA \u00c7EMP\u0130ONU K\u0130M\u0130 AZ\u018fRBAYCANA QAYITMAQ \u0130ST\u018fY\u0130R\u0130K\u201d"},"content":{"rendered":"\n<p>Minifutbol \u00fczr\u0259 Az\u0259rbaycan millisinin kapitan\u0131 Seymur M\u0259mm\u0259dov y\u0131\u011fman\u0131n a\u00e7\u0131q m\u0259\u015fqind\u0259n sonra jurnalistl\u0259r\u0259 a\u00e7\u0131qlama verib. O, maksimum n\u0259tic\u0259 qazanaraq&nbsp; yenid\u0259n Az\u0259rbaycana Avropa \u00e7empionu kimi qay\u0131tmaq ist\u0259dikl\u0259rini bildirib: &nbsp;<\/p>\n\n\n\n<p>&#8220;T\u0259lim-m\u0259\u015fq toplan\u0131\u015f\u0131 y\u00fcks\u0259k s\u0259viyy\u0259d\u0259 ke\u00e7ir. M\u0259\u015fq\u00e7il\u0259rimiz h\u0259r detallar\u0131n \u00fcz\u0259rind\u0259 i\u015fl\u0259yirl\u0259r. Avropa \u00e7empionat\u0131na haz\u0131r\u0131q. Biz son Avropa \u00e7empionu kimi bu turnir\u0259 qat\u0131l\u0131r\u0131q. M\u0259qs\u0259dimiz maksimum n\u0259tic\u0259 \u0259ld\u0259 etm\u0259kdir. Avropa \u00e7empionu kimi Az\u0259rbaycana qay\u0131tmaq ist\u0259yirik&#8221;.<\/p>\n","protected":false},"excerpt":{"rendered":"<p>Minifutbol \u00fczr\u0259 Az\u0259rbaycan millisinin kapitan\u0131 Seymur M\u0259mm\u0259dov y\u0131\u011fman\u0131n a\u00e7\u0131q m\u0259\u015fqind\u0259n sonra jurnalistl\u0259r\u0259 a\u00e7\u0131qlama verib. O, maksimum n\u0259tic\u0259 qazanaraq&nbsp; yenid\u0259n Az\u0259rbaycana Avropa \u00e7empionu kimi qay\u0131tmaq ist\u0259dikl\u0259rini bildirib: &nbsp; &#8220;T\u0259lim-m\u0259\u015fq toplan\u0131\u015f\u0131 y\u00fcks\u0259k s\u0259viyy\u0259d\u0259 ke\u00e7ir. M\u0259\u015fq\u00e7il\u0259rimiz h\u0259r detallar\u0131n \u00fcz\u0259rind\u0259 i\u015fl\u0259yirl\u0259r. Avropa \u00e7empionat\u0131na haz\u0131r\u0131q. Biz son Avropa \u00e7empionu kimi bu turnir\u0259 qat\u0131l\u0131r\u0131q. M\u0259qs\u0259dimiz maksimum n\u0259tic\u0259 \u0259ld\u0259 etm\u0259kdir. Avropa \u00e7empionu kimi Az\u0259rbaycana qay\u0131tmaq ist\u0259yirik&#8221;.<\/p>\n","protected":false},"author":2,"featured_media":842,"comment_status":"closed","ping_status":"closed","sticky":false,"template":"","format":"standard","meta":{"_siteseo_robots_primary_cat":"none","footnotes":""},"categories":[3],"tags":[],"class_list":["post-839","post","type-post","status-publish","format-standard","has-post-thumbnail","hentry","category-xeberler"],"_links":{"self":[{"href":"https:\/\/minifootball.az\/mini\/index.php?rest_route=\/wp\/v2\/posts\/839","targetHints":{"allow":["GET"]}}],"collection":[{"href":"https:\/\/minifootball.az\/mini\/index.php?rest_route=\/wp\/v2\/posts"}],"about":[{"href":"https:\/\/minifootball.az\/mini\/index.php?rest_route=\/wp\/v2\/types\/post"}],"author":[{"embeddable":true,"href":"https:\/\/minifootball.az\/mini\/index.php?rest_route=\/wp\/v2\/users\/2"}],"replies":[{"embeddable":true,"href":"https:\/\/minifootball.az\/mini\/index.php?rest_route=%2Fwp%2Fv2%2Fcomments&post=839"}],"version-history":[{"count":1,"href":"https:\/\/minifootball.az\/mini\/index.php?rest_route=\/wp\/v2\/posts\/839\/revisions"}],"predecessor-version":[{"id":843,"href":"https:\/\/minifootball.az\/mini\/index.php?rest_route=\/wp\/v2\/posts\/839\/revisions\/843"}],"wp:featuredmedia":[{"embeddable":true,"href":"https:\/\/minifootball.az\/mini\/index.php?rest_route=\/wp\/v2\/media\/842"}],"wp:attachment":[{"href":"https:\/\/minifootball.az\/mini\/index.php?rest_route=%2Fwp%2Fv2%2Fmedia&parent=839"}],"wp:term":[{"taxonomy":"category","embeddable":true,"href":"https:\/\/minifootball.az\/mini\/index.php?rest_route=%2Fwp%2Fv2%2Fcategories&post=839"},{"taxonomy":"post_tag","embeddable":true,"href":"https:\/\/minifootball.az\/mini\/index.php?rest_route=%2Fwp%2Fv2%2Ftags&post=839"}],"curies":[{"name":"wp","href":"https:\/\/api.w.org\/{rel}","templated":true}]}}