{"id":895,"date":"2024-05-30T11:14:35","date_gmt":"2024-05-30T07:14:35","guid":{"rendered":"https:\/\/minifootball.az\/mini\/?p=895"},"modified":"2024-05-30T11:14:38","modified_gmt":"2024-05-30T07:14:38","slug":"millimiz-bosniyaya-yola-dusdu","status":"publish","type":"post","link":"https:\/\/minifootball.az\/mini\/?p=895","title":{"rendered":"M\u0130LL\u0130M\u0130Z BOSN\u0130YAYA YOLA D\u00dc\u015eD\u00dc"},"content":{"rendered":"\n<p>Minifutbol \u00fczr\u0259 milli komandam\u0131z Bosniya v\u0259 Hersoqovinan\u0131n paytaxt\u0131 Sarayevo \u015f\u0259h\u0259rimnd\u0259 ke\u00e7iril\u0259c\u0259k Avropa \u00e7empionat\u0131nda i\u015ftirak etm\u0259k \u00fc\u00e7\u00fcn bu \u00f6lk\u0259y\u0259 yollan\u0131b. Futbol\u00e7ular\u0131m\u0131z d\u00fcn\u0259n gec\u0259 saatlar\u0131nda yola d\u00fc\u015f\u00fcbl\u0259r. Qeyd ed\u0259k ki, y\u0131\u011fmam\u0131z ilk oyununu iyunun 2-si, saat 13:00-da Bel\u00e7ika millisin\u0259 qar\u015f\u0131 ke\u00e7ir\u0259c\u0259k. Komandam\u0131z\u0131n n\u00f6vb\u0259ti g\u00f6r\u00fc\u015f\u00fc iyunun 3-\u00fc saat 19:00-da \u0130taliyaya qar\u015f\u0131 olacaq. Son olaraq El\u015fad Qulyevin yetirm\u0259l\u0259ri iyunun 4-\u00fc Fransa il\u0259 qar\u015f\u0131la\u015facaq.\u00a0<\/p>\n","protected":false},"excerpt":{"rendered":"<p>Minifutbol \u00fczr\u0259 milli komandam\u0131z Bosniya v\u0259 Hersoqovinan\u0131n paytaxt\u0131 Sarayevo \u015f\u0259h\u0259rimnd\u0259 ke\u00e7iril\u0259c\u0259k Avropa \u00e7empionat\u0131nda i\u015ftirak etm\u0259k \u00fc\u00e7\u00fcn bu \u00f6lk\u0259y\u0259 yollan\u0131b. Futbol\u00e7ular\u0131m\u0131z d\u00fcn\u0259n gec\u0259 saatlar\u0131nda yola d\u00fc\u015f\u00fcbl\u0259r. Qeyd ed\u0259k ki, y\u0131\u011fmam\u0131z ilk oyununu iyunun 2-si, saat 13:00-da Bel\u00e7ika millisin\u0259 qar\u015f\u0131 ke\u00e7ir\u0259c\u0259k. Komandam\u0131z\u0131n n\u00f6vb\u0259ti g\u00f6r\u00fc\u015f\u00fc iyunun 3-\u00fc saat 19:00-da \u0130taliyaya qar\u015f\u0131 olacaq. Son olaraq El\u015fad Qulyevin yetirm\u0259l\u0259ri iyunun 4-\u00fc Fransa il\u0259 qar\u015f\u0131la\u015facaq.\u00a0<\/p>\n","protected":false},"author":2,"featured_media":187,"comment_status":"closed","ping_status":"closed","sticky":false,"template":"","format":"standard","meta":{"_siteseo_robots_primary_cat":"none","footnotes":""},"categories":[3],"tags":[],"class_list":["post-895","post","type-post","status-publish","format-standard","has-post-thumbnail","hentry","category-xeberler"],"_links":{"self":[{"href":"https:\/\/minifootball.az\/mini\/index.php?rest_route=\/wp\/v2\/posts\/895","targetHints":{"allow":["GET"]}}],"collection":[{"href":"https:\/\/minifootball.az\/mini\/index.php?rest_route=\/wp\/v2\/posts"}],"about":[{"href":"https:\/\/minifootball.az\/mini\/index.php?rest_route=\/wp\/v2\/types\/post"}],"author":[{"embeddable":true,"href":"https:\/\/minifootball.az\/mini\/index.php?rest_route=\/wp\/v2\/users\/2"}],"replies":[{"embeddable":true,"href":"https:\/\/minifootball.az\/mini\/index.php?rest_route=%2Fwp%2Fv2%2Fcomments&post=895"}],"version-history":[{"count":1,"href":"https:\/\/minifootball.az\/mini\/index.php?rest_route=\/wp\/v2\/posts\/895\/revisions"}],"predecessor-version":[{"id":898,"href":"https:\/\/minifootball.az\/mini\/index.php?rest_route=\/wp\/v2\/posts\/895\/revisions\/898"}],"wp:featuredmedia":[{"embeddable":true,"href":"https:\/\/minifootball.az\/mini\/index.php?rest_route=\/wp\/v2\/media\/187"}],"wp:attachment":[{"href":"https:\/\/minifootball.az\/mini\/index.php?rest_route=%2Fwp%2Fv2%2Fmedia&parent=895"}],"wp:term":[{"taxonomy":"category","embeddable":true,"href":"https:\/\/minifootball.az\/mini\/index.php?rest_route=%2Fwp%2Fv2%2Fcategories&post=895"},{"taxonomy":"post_tag","embeddable":true,"href":"https:\/\/minifootball.az\/mini\/index.php?rest_route=%2Fwp%2Fv2%2Ftags&post=895"}],"curies":[{"name":"wp","href":"https:\/\/api.w.org\/{rel}","templated":true}]}}