{"id":944,"date":"2024-06-02T10:47:38","date_gmt":"2024-06-02T06:47:38","guid":{"rendered":"https:\/\/minifootball.az\/mini\/?p=944"},"modified":"2024-06-02T10:47:40","modified_gmt":"2024-06-02T06:47:40","slug":"millimiz-avropa-cempionatinda-mubarizeye-baslayir","status":"publish","type":"post","link":"https:\/\/minifootball.az\/mini\/?p=944","title":{"rendered":"M\u0130LL\u0130M\u0130Z AVROPA \u00c7EMP\u0130ONATINDA M\u00dcBAR\u0130Z\u018fY\u018f BA\u015eLAYIR"},"content":{"rendered":"\n<p>Milli komandam\u0131z Bosniya v\u0259 Hersoqovinan\u0131n paytaxt\u0131 Sarayevo \u015f\u0259h\u0259rind\u0259 ke\u00e7iril\u0259n Avropa \u00e7empionat\u0131nda ilk oyununa \u00e7\u0131x\u0131r. Komandam\u0131z ilk g\u00f6r\u00fc\u015f\u00fcn\u00fc Bel\u00e7ika se\u00e7m\u0259sin\u0259 qar\u015f\u0131 ke\u00e7ir\u0259c\u0259k. G\u00f6r\u00fc\u015f 2 iyun, saat 13:00 da ba\u015flayacaq v\u0259 \u0130dman Tv il\u0259 canl\u0131 yay\u0131mlanacaq.<\/p>\n","protected":false},"excerpt":{"rendered":"<p>Milli komandam\u0131z Bosniya v\u0259 Hersoqovinan\u0131n paytaxt\u0131 Sarayevo \u015f\u0259h\u0259rind\u0259 ke\u00e7iril\u0259n Avropa \u00e7empionat\u0131nda ilk oyununa \u00e7\u0131x\u0131r. Komandam\u0131z ilk g\u00f6r\u00fc\u015f\u00fcn\u00fc Bel\u00e7ika se\u00e7m\u0259sin\u0259 qar\u015f\u0131 ke\u00e7ir\u0259c\u0259k. G\u00f6r\u00fc\u015f 2 iyun, saat 13:00 da ba\u015flayacaq v\u0259 \u0130dman Tv il\u0259 canl\u0131 yay\u0131mlanacaq.<\/p>\n","protected":false},"author":2,"featured_media":947,"comment_status":"closed","ping_status":"closed","sticky":false,"template":"","format":"standard","meta":{"_siteseo_robots_primary_cat":"none","footnotes":""},"categories":[3],"tags":[],"class_list":["post-944","post","type-post","status-publish","format-standard","has-post-thumbnail","hentry","category-xeberler"],"_links":{"self":[{"href":"https:\/\/minifootball.az\/mini\/index.php?rest_route=\/wp\/v2\/posts\/944","targetHints":{"allow":["GET"]}}],"collection":[{"href":"https:\/\/minifootball.az\/mini\/index.php?rest_route=\/wp\/v2\/posts"}],"about":[{"href":"https:\/\/minifootball.az\/mini\/index.php?rest_route=\/wp\/v2\/types\/post"}],"author":[{"embeddable":true,"href":"https:\/\/minifootball.az\/mini\/index.php?rest_route=\/wp\/v2\/users\/2"}],"replies":[{"embeddable":true,"href":"https:\/\/minifootball.az\/mini\/index.php?rest_route=%2Fwp%2Fv2%2Fcomments&post=944"}],"version-history":[{"count":1,"href":"https:\/\/minifootball.az\/mini\/index.php?rest_route=\/wp\/v2\/posts\/944\/revisions"}],"predecessor-version":[{"id":948,"href":"https:\/\/minifootball.az\/mini\/index.php?rest_route=\/wp\/v2\/posts\/944\/revisions\/948"}],"wp:featuredmedia":[{"embeddable":true,"href":"https:\/\/minifootball.az\/mini\/index.php?rest_route=\/wp\/v2\/media\/947"}],"wp:attachment":[{"href":"https:\/\/minifootball.az\/mini\/index.php?rest_route=%2Fwp%2Fv2%2Fmedia&parent=944"}],"wp:term":[{"taxonomy":"category","embeddable":true,"href":"https:\/\/minifootball.az\/mini\/index.php?rest_route=%2Fwp%2Fv2%2Fcategories&post=944"},{"taxonomy":"post_tag","embeddable":true,"href":"https:\/\/minifootball.az\/mini\/index.php?rest_route=%2Fwp%2Fv2%2Ftags&post=944"}],"curies":[{"name":"wp","href":"https:\/\/api.w.org\/{rel}","templated":true}]}}